{"id":2943,"date":"2024-07-05T16:15:44","date_gmt":"2024-07-05T14:15:44","guid":{"rendered":"https:\/\/35.180.209.109\/actualidad\/\/"},"modified":"2024-07-12T08:21:28","modified_gmt":"2024-07-12T06:21:28","slug":"a-equipe-da-boa-musica-brasil-da-as-boas-vindas-o-duani","status":"publish","type":"post","link":"https:\/\/boamusica.com\/brasil\/a-equipe-da-boa-musica-brasil-da-as-boas-vindas-o-duani\/","title":{"rendered":"A equipe da Boa M\u00fasica Brasil d\u00e1 as boas-vindas ao Duani"},"content":{"rendered":"<p><span style=\"font-weight: 400;\">Compositor, cantor, multi-instrumentista e produtor musical de grandes discos da m\u00fasica brasileira contempor\u00e2nea, Duani agora faz parte do cast Boa M\u00fasica Brasil. Ele respira m\u00fasica desde crian\u00e7a e coleciona uma rica obra autoral, que se iniciou com o grupo Forr\u00f3\u00e7acana, fundado em 1994 e \u00e9 refer\u00eancia em forr\u00f3 universit\u00e1rio.<\/span><\/p>\n<p><span style=\"font-weight: 400;\">Duani tamb\u00e9m brilha em sua outra faceta, como m\u00fasico e produtor musical de v\u00e1rios artistas, entre os quais se destacam figuras importantes da nossa cena como: Seu Jorge, Zeca Baleiro, Jorge Ben Jor, Alceu Valen\u00e7a, Lenine, Tulipa Ruiz, Mariana Aydar, C\u00e9u, Elba Ramalho, Marcelo D2 e Moraes Moreira, mas tamb\u00e9m alguns artistas internacionais lend\u00e1rios, como o padrinho do hip hop e refer\u00eancia do <\/span><i><span style=\"font-weight: 400;\">Miami bass<\/span><\/i><span style=\"font-weight: 400;\">, Afrika Bambaataa.<\/span><\/p>\n","protected":false},"excerpt":{"rendered":"<p>Compositor, cantor, multi-instrumentista e produtor musical de grandes discos da m\u00fasica brasileira contempor\u00e2nea, Duani agora faz parte do cast Boa M\u00fasica Brasil.<\/p>\n","protected":false},"author":2,"featured_media":2945,"comment_status":"closed","ping_status":"closed","sticky":false,"template":"","format":"standard","meta":{"_acf_changed":false,"footnotes":""},"categories":[1],"tags":[51],"class_list":["post-2943","post","type-post","status-publish","format-standard","has-post-thumbnail","hentry","category-sin-categorizar","tag-novos-autores"],"acf":[],"yoast_head":"<!-- This site is optimized with the Yoast SEO plugin v27.4 - https:\/\/yoast.com\/product\/yoast-seo-wordpress\/ -->\n<title>A equipe da Boa M\u00fasica Brasil d\u00e1 as boas-vindas ao Duani - Boa M\u00fasica<\/title>\n<meta name=\"robots\" content=\"index, follow, max-snippet:-1, max-image-preview:large, max-video-preview:-1\" \/>\n<link rel=\"canonical\" href=\"https:\/\/boamusica.com\/brasil\/a-equipe-da-boa-musica-brasil-da-as-boas-vindas-o-duani\/\" \/>\n<meta property=\"og:locale\" content=\"en_US\" \/>\n<meta property=\"og:type\" content=\"article\" \/>\n<meta property=\"og:title\" content=\"A equipe da Boa M\u00fasica Brasil d\u00e1 as boas-vindas ao Duani - Boa M\u00fasica\" \/>\n<meta property=\"og:description\" content=\"Compositor, cantor, multi-instrumentista e produtor musical de grandes discos da m\u00fasica brasileira contempor\u00e2nea, Duani agora faz parte do cast Boa M\u00fasica Brasil.\" \/>\n<meta property=\"og:url\" content=\"https:\/\/boamusica.com\/brasil\/a-equipe-da-boa-musica-brasil-da-as-boas-vindas-o-duani\/\" \/>\n<meta property=\"og:site_name\" content=\"Boa M\u00fasica\" \/>\n<meta property=\"article:published_time\" content=\"2024-07-05T14:15:44+00:00\" \/>\n<meta property=\"article:modified_time\" content=\"2024-07-12T06:21:28+00:00\" \/>\n<meta property=\"og:image\" content=\"https:\/\/boamusica.com\/wp-content\/uploads\/2024\/07\/duani.jpg\" \/>\n\t<meta property=\"og:image:width\" content=\"800\" \/>\n\t<meta property=\"og:image:height\" content=\"800\" \/>\n\t<meta property=\"og:image:type\" content=\"image\/jpeg\" \/>\n<meta name=\"author\" content=\"baianai\" \/>\n<meta name=\"twitter:card\" content=\"summary_large_image\" \/>\n<meta name=\"twitter:label1\" content=\"Written by\" \/>\n\t<meta name=\"twitter:data1\" content=\"baianai\" \/>\n\t<meta name=\"twitter:label2\" content=\"Est. reading time\" \/>\n\t<meta name=\"twitter:data2\" content=\"1 minute\" \/>\n<script type=\"application\/ld+json\" class=\"yoast-schema-graph\">{\"@context\":\"https:\\\/\\\/schema.org\",\"@graph\":[{\"@type\":\"Article\",\"@id\":\"https:\\\/\\\/boamusica.com\\\/brasil\\\/a-equipe-da-boa-musica-brasil-da-as-boas-vindas-o-duani\\\/#article\",\"isPartOf\":{\"@id\":\"https:\\\/\\\/boamusica.com\\\/brasil\\\/a-equipe-da-boa-musica-brasil-da-as-boas-vindas-o-duani\\\/\"},\"author\":{\"name\":\"baianai\",\"@id\":\"https:\\\/\\\/boamusica.com\\\/#\\\/schema\\\/person\\\/559d54234449b11749efa8a3f52a30e6\"},\"headline\":\"A equipe da Boa M\u00fasica Brasil d\u00e1 as boas-vindas ao Duani\",\"datePublished\":\"2024-07-05T14:15:44+00:00\",\"dateModified\":\"2024-07-12T06:21:28+00:00\",\"mainEntityOfPage\":{\"@id\":\"https:\\\/\\\/boamusica.com\\\/brasil\\\/a-equipe-da-boa-musica-brasil-da-as-boas-vindas-o-duani\\\/\"},\"wordCount\":142,\"publisher\":{\"@id\":\"https:\\\/\\\/boamusica.com\\\/#organization\"},\"image\":{\"@id\":\"https:\\\/\\\/boamusica.com\\\/brasil\\\/a-equipe-da-boa-musica-brasil-da-as-boas-vindas-o-duani\\\/#primaryimage\"},\"thumbnailUrl\":\"https:\\\/\\\/boamusica.com\\\/wp-content\\\/uploads\\\/2024\\\/07\\\/duani.jpg\",\"keywords\":[\"Novos autores\"],\"articleSection\":[\"Sin categorizar\"],\"inLanguage\":\"brasil\"},{\"@type\":\"WebPage\",\"@id\":\"https:\\\/\\\/boamusica.com\\\/brasil\\\/a-equipe-da-boa-musica-brasil-da-as-boas-vindas-o-duani\\\/\",\"url\":\"https:\\\/\\\/boamusica.com\\\/brasil\\\/a-equipe-da-boa-musica-brasil-da-as-boas-vindas-o-duani\\\/\",\"name\":\"A equipe da Boa M\u00fasica Brasil d\u00e1 as boas-vindas ao Duani - Boa M\u00fasica\",\"isPartOf\":{\"@id\":\"https:\\\/\\\/boamusica.com\\\/#website\"},\"primaryImageOfPage\":{\"@id\":\"https:\\\/\\\/boamusica.com\\\/brasil\\\/a-equipe-da-boa-musica-brasil-da-as-boas-vindas-o-duani\\\/#primaryimage\"},\"image\":{\"@id\":\"https:\\\/\\\/boamusica.com\\\/brasil\\\/a-equipe-da-boa-musica-brasil-da-as-boas-vindas-o-duani\\\/#primaryimage\"},\"thumbnailUrl\":\"https:\\\/\\\/boamusica.com\\\/wp-content\\\/uploads\\\/2024\\\/07\\\/duani.jpg\",\"datePublished\":\"2024-07-05T14:15:44+00:00\",\"dateModified\":\"2024-07-12T06:21:28+00:00\",\"breadcrumb\":{\"@id\":\"https:\\\/\\\/boamusica.com\\\/brasil\\\/a-equipe-da-boa-musica-brasil-da-as-boas-vindas-o-duani\\\/#breadcrumb\"},\"inLanguage\":\"brasil\",\"potentialAction\":[{\"@type\":\"ReadAction\",\"target\":[\"https:\\\/\\\/boamusica.com\\\/brasil\\\/a-equipe-da-boa-musica-brasil-da-as-boas-vindas-o-duani\\\/\"]}]},{\"@type\":\"ImageObject\",\"inLanguage\":\"brasil\",\"@id\":\"https:\\\/\\\/boamusica.com\\\/brasil\\\/a-equipe-da-boa-musica-brasil-da-as-boas-vindas-o-duani\\\/#primaryimage\",\"url\":\"https:\\\/\\\/boamusica.com\\\/wp-content\\\/uploads\\\/2024\\\/07\\\/duani.jpg\",\"contentUrl\":\"https:\\\/\\\/boamusica.com\\\/wp-content\\\/uploads\\\/2024\\\/07\\\/duani.jpg\",\"width\":800,\"height\":800},{\"@type\":\"BreadcrumbList\",\"@id\":\"https:\\\/\\\/boamusica.com\\\/brasil\\\/a-equipe-da-boa-musica-brasil-da-as-boas-vindas-o-duani\\\/#breadcrumb\",\"itemListElement\":[{\"@type\":\"ListItem\",\"position\":1,\"name\":\"Portada\",\"item\":\"https:\\\/\\\/boamusica.com\\\/brasil\\\/\"},{\"@type\":\"ListItem\",\"position\":2,\"name\":\"A equipe da Boa M\u00fasica Brasil d\u00e1 as boas-vindas ao Duani\"}]},{\"@type\":\"WebSite\",\"@id\":\"https:\\\/\\\/boamusica.com\\\/#website\",\"url\":\"https:\\\/\\\/boamusica.com\\\/\",\"name\":\"Boa M\u00fasica\",\"description\":\"Un proyecto editorial \u00e9tico y centrado en las personas. Gestionamos derechos de autor de forma integral.\",\"publisher\":{\"@id\":\"https:\\\/\\\/boamusica.com\\\/#organization\"},\"potentialAction\":[{\"@type\":\"SearchAction\",\"target\":{\"@type\":\"EntryPoint\",\"urlTemplate\":\"https:\\\/\\\/boamusica.com\\\/?s={search_term_string}\"},\"query-input\":{\"@type\":\"PropertyValueSpecification\",\"valueRequired\":true,\"valueName\":\"search_term_string\"}}],\"inLanguage\":\"brasil\"},{\"@type\":\"Organization\",\"@id\":\"https:\\\/\\\/boamusica.com\\\/#organization\",\"name\":\"Boa M\u00fasica\",\"url\":\"https:\\\/\\\/boamusica.com\\\/\",\"logo\":{\"@type\":\"ImageObject\",\"inLanguage\":\"brasil\",\"@id\":\"https:\\\/\\\/boamusica.com\\\/#\\\/schema\\\/logo\\\/image\\\/\",\"url\":\"https:\\\/\\\/boamusica.com\\\/wp-content\\\/uploads\\\/2024\\\/05\\\/logo-boa-musica.webp\",\"contentUrl\":\"https:\\\/\\\/boamusica.com\\\/wp-content\\\/uploads\\\/2024\\\/05\\\/logo-boa-musica.webp\",\"width\":398,\"height\":198,\"caption\":\"Boa M\u00fasica\"},\"image\":{\"@id\":\"https:\\\/\\\/boamusica.com\\\/#\\\/schema\\\/logo\\\/image\\\/\"}},{\"@type\":\"Person\",\"@id\":\"https:\\\/\\\/boamusica.com\\\/#\\\/schema\\\/person\\\/559d54234449b11749efa8a3f52a30e6\",\"name\":\"baianai\",\"image\":{\"@type\":\"ImageObject\",\"inLanguage\":\"brasil\",\"@id\":\"https:\\\/\\\/secure.gravatar.com\\\/avatar\\\/8b321acc1afbd8a6ae17c72eaa15516f4974e6cbf221981adf966924ffdc3769?s=96&d=mm&r=g\",\"url\":\"https:\\\/\\\/secure.gravatar.com\\\/avatar\\\/8b321acc1afbd8a6ae17c72eaa15516f4974e6cbf221981adf966924ffdc3769?s=96&d=mm&r=g\",\"contentUrl\":\"https:\\\/\\\/secure.gravatar.com\\\/avatar\\\/8b321acc1afbd8a6ae17c72eaa15516f4974e6cbf221981adf966924ffdc3769?s=96&d=mm&r=g\",\"caption\":\"baianai\"}}]}<\/script>\n<!-- \/ Yoast SEO plugin. -->","yoast_head_json":{"title":"A equipe da Boa M\u00fasica Brasil d\u00e1 as boas-vindas ao Duani - Boa M\u00fasica","robots":{"index":"index","follow":"follow","max-snippet":"max-snippet:-1","max-image-preview":"max-image-preview:large","max-video-preview":"max-video-preview:-1"},"canonical":"https:\/\/boamusica.com\/brasil\/a-equipe-da-boa-musica-brasil-da-as-boas-vindas-o-duani\/","og_locale":"en_US","og_type":"article","og_title":"A equipe da Boa M\u00fasica Brasil d\u00e1 as boas-vindas ao Duani - Boa M\u00fasica","og_description":"Compositor, cantor, multi-instrumentista e produtor musical de grandes discos da m\u00fasica brasileira contempor\u00e2nea, Duani agora faz parte do cast Boa M\u00fasica Brasil.","og_url":"https:\/\/boamusica.com\/brasil\/a-equipe-da-boa-musica-brasil-da-as-boas-vindas-o-duani\/","og_site_name":"Boa M\u00fasica","article_published_time":"2024-07-05T14:15:44+00:00","article_modified_time":"2024-07-12T06:21:28+00:00","og_image":[{"width":800,"height":800,"url":"https:\/\/boamusica.com\/wp-content\/uploads\/2024\/07\/duani.jpg","type":"image\/jpeg"}],"author":"baianai","twitter_card":"summary_large_image","twitter_misc":{"Written by":"baianai","Est. reading time":"1 minute"},"schema":{"@context":"https:\/\/schema.org","@graph":[{"@type":"Article","@id":"https:\/\/boamusica.com\/brasil\/a-equipe-da-boa-musica-brasil-da-as-boas-vindas-o-duani\/#article","isPartOf":{"@id":"https:\/\/boamusica.com\/brasil\/a-equipe-da-boa-musica-brasil-da-as-boas-vindas-o-duani\/"},"author":{"name":"baianai","@id":"https:\/\/boamusica.com\/#\/schema\/person\/559d54234449b11749efa8a3f52a30e6"},"headline":"A equipe da Boa M\u00fasica Brasil d\u00e1 as boas-vindas ao Duani","datePublished":"2024-07-05T14:15:44+00:00","dateModified":"2024-07-12T06:21:28+00:00","mainEntityOfPage":{"@id":"https:\/\/boamusica.com\/brasil\/a-equipe-da-boa-musica-brasil-da-as-boas-vindas-o-duani\/"},"wordCount":142,"publisher":{"@id":"https:\/\/boamusica.com\/#organization"},"image":{"@id":"https:\/\/boamusica.com\/brasil\/a-equipe-da-boa-musica-brasil-da-as-boas-vindas-o-duani\/#primaryimage"},"thumbnailUrl":"https:\/\/boamusica.com\/wp-content\/uploads\/2024\/07\/duani.jpg","keywords":["Novos autores"],"articleSection":["Sin categorizar"],"inLanguage":"brasil"},{"@type":"WebPage","@id":"https:\/\/boamusica.com\/brasil\/a-equipe-da-boa-musica-brasil-da-as-boas-vindas-o-duani\/","url":"https:\/\/boamusica.com\/brasil\/a-equipe-da-boa-musica-brasil-da-as-boas-vindas-o-duani\/","name":"A equipe da Boa M\u00fasica Brasil d\u00e1 as boas-vindas ao Duani - Boa M\u00fasica","isPartOf":{"@id":"https:\/\/boamusica.com\/#website"},"primaryImageOfPage":{"@id":"https:\/\/boamusica.com\/brasil\/a-equipe-da-boa-musica-brasil-da-as-boas-vindas-o-duani\/#primaryimage"},"image":{"@id":"https:\/\/boamusica.com\/brasil\/a-equipe-da-boa-musica-brasil-da-as-boas-vindas-o-duani\/#primaryimage"},"thumbnailUrl":"https:\/\/boamusica.com\/wp-content\/uploads\/2024\/07\/duani.jpg","datePublished":"2024-07-05T14:15:44+00:00","dateModified":"2024-07-12T06:21:28+00:00","breadcrumb":{"@id":"https:\/\/boamusica.com\/brasil\/a-equipe-da-boa-musica-brasil-da-as-boas-vindas-o-duani\/#breadcrumb"},"inLanguage":"brasil","potentialAction":[{"@type":"ReadAction","target":["https:\/\/boamusica.com\/brasil\/a-equipe-da-boa-musica-brasil-da-as-boas-vindas-o-duani\/"]}]},{"@type":"ImageObject","inLanguage":"brasil","@id":"https:\/\/boamusica.com\/brasil\/a-equipe-da-boa-musica-brasil-da-as-boas-vindas-o-duani\/#primaryimage","url":"https:\/\/boamusica.com\/wp-content\/uploads\/2024\/07\/duani.jpg","contentUrl":"https:\/\/boamusica.com\/wp-content\/uploads\/2024\/07\/duani.jpg","width":800,"height":800},{"@type":"BreadcrumbList","@id":"https:\/\/boamusica.com\/brasil\/a-equipe-da-boa-musica-brasil-da-as-boas-vindas-o-duani\/#breadcrumb","itemListElement":[{"@type":"ListItem","position":1,"name":"Portada","item":"https:\/\/boamusica.com\/brasil\/"},{"@type":"ListItem","position":2,"name":"A equipe da Boa M\u00fasica Brasil d\u00e1 as boas-vindas ao Duani"}]},{"@type":"WebSite","@id":"https:\/\/boamusica.com\/#website","url":"https:\/\/boamusica.com\/","name":"Boa M\u00fasica","description":"Un proyecto editorial \u00e9tico y centrado en las personas. Gestionamos derechos de autor de forma integral.","publisher":{"@id":"https:\/\/boamusica.com\/#organization"},"potentialAction":[{"@type":"SearchAction","target":{"@type":"EntryPoint","urlTemplate":"https:\/\/boamusica.com\/?s={search_term_string}"},"query-input":{"@type":"PropertyValueSpecification","valueRequired":true,"valueName":"search_term_string"}}],"inLanguage":"brasil"},{"@type":"Organization","@id":"https:\/\/boamusica.com\/#organization","name":"Boa M\u00fasica","url":"https:\/\/boamusica.com\/","logo":{"@type":"ImageObject","inLanguage":"brasil","@id":"https:\/\/boamusica.com\/#\/schema\/logo\/image\/","url":"https:\/\/boamusica.com\/wp-content\/uploads\/2024\/05\/logo-boa-musica.webp","contentUrl":"https:\/\/boamusica.com\/wp-content\/uploads\/2024\/05\/logo-boa-musica.webp","width":398,"height":198,"caption":"Boa M\u00fasica"},"image":{"@id":"https:\/\/boamusica.com\/#\/schema\/logo\/image\/"}},{"@type":"Person","@id":"https:\/\/boamusica.com\/#\/schema\/person\/559d54234449b11749efa8a3f52a30e6","name":"baianai","image":{"@type":"ImageObject","inLanguage":"brasil","@id":"https:\/\/secure.gravatar.com\/avatar\/8b321acc1afbd8a6ae17c72eaa15516f4974e6cbf221981adf966924ffdc3769?s=96&d=mm&r=g","url":"https:\/\/secure.gravatar.com\/avatar\/8b321acc1afbd8a6ae17c72eaa15516f4974e6cbf221981adf966924ffdc3769?s=96&d=mm&r=g","contentUrl":"https:\/\/secure.gravatar.com\/avatar\/8b321acc1afbd8a6ae17c72eaa15516f4974e6cbf221981adf966924ffdc3769?s=96&d=mm&r=g","caption":"baianai"}}]}},"_links":{"self":[{"href":"https:\/\/boamusica.com\/brasil\/wp-json\/wp\/v2\/posts\/2943","targetHints":{"allow":["GET"]}}],"collection":[{"href":"https:\/\/boamusica.com\/brasil\/wp-json\/wp\/v2\/posts"}],"about":[{"href":"https:\/\/boamusica.com\/brasil\/wp-json\/wp\/v2\/types\/post"}],"author":[{"embeddable":true,"href":"https:\/\/boamusica.com\/brasil\/wp-json\/wp\/v2\/users\/2"}],"replies":[{"embeddable":true,"href":"https:\/\/boamusica.com\/brasil\/wp-json\/wp\/v2\/comments?post=2943"}],"version-history":[{"count":5,"href":"https:\/\/boamusica.com\/brasil\/wp-json\/wp\/v2\/posts\/2943\/revisions"}],"predecessor-version":[{"id":3118,"href":"https:\/\/boamusica.com\/brasil\/wp-json\/wp\/v2\/posts\/2943\/revisions\/3118"}],"wp:featuredmedia":[{"embeddable":true,"href":"https:\/\/boamusica.com\/brasil\/wp-json\/wp\/v2\/media\/2945"}],"wp:attachment":[{"href":"https:\/\/boamusica.com\/brasil\/wp-json\/wp\/v2\/media?parent=2943"}],"wp:term":[{"taxonomy":"category","embeddable":true,"href":"https:\/\/boamusica.com\/brasil\/wp-json\/wp\/v2\/categories?post=2943"},{"taxonomy":"post_tag","embeddable":true,"href":"https:\/\/boamusica.com\/brasil\/wp-json\/wp\/v2\/tags?post=2943"}],"curies":[{"name":"wp","href":"https:\/\/api.w.org\/{rel}","templated":true}]}}