{"id":9337,"date":"2026-08-26T11:25:27","date_gmt":"2026-08-26T09:25:27","guid":{"rendered":"https:\/\/boamusica.com\/?p=9337"},"modified":"2026-08-26T11:27:19","modified_gmt":"2026-08-26T09:27:19","slug":"autores-boa-musica-marcam-presenca-no-tiny-desk-brasil","status":"publish","type":"post","link":"https:\/\/boamusica.com\/brasil\/autores-boa-musica-marcam-presenca-no-tiny-desk-brasil\/","title":{"rendered":"Autores BOA M\u00fasica marcam presen\u00e7a no Tiny Desk Brasil"},"content":{"rendered":"\n<p class=\"wp-block-paragraph\">Criado pela <strong>NPR Music<\/strong>, o <em>Tiny Desk Concert<\/em> \u00e9 uma s\u00e9rie de apresenta\u00e7\u00f5es intimistas realizadas originalmente atr\u00e1s da mesa de trabalho da equipe da r\u00e1dio p\u00fablica norte-americana. O formato, que aproxima artistas e p\u00fablico em performances ao vivo e sem grandes produ\u00e7\u00f5es de palco, tornou-se um fen\u00f4meno mundial e uma importante vitrine para diferentes cenas musicais. Em <strong>outubro de 2025<\/strong>, o projeto ganhou sua vers\u00e3o brasileira, o <strong>Tiny Desk Brasil<\/strong>, dedicada exclusivamente a artistas brasileiros e produzida n`o pa\u00eds.<\/p>\n\n\n\n<figure class=\"wp-block-image size-large\"><img fetchpriority=\"high\" decoding=\"async\" width=\"1024\" height=\"682\" src=\"https:\/\/boamusica.com\/wp-content\/uploads\/2026\/08\/Liniker-Tiny-Desk-1024x682.jpg\" alt=\"\" class=\"wp-image-9339\" srcset=\"https:\/\/boamusica.com\/wp-content\/uploads\/2026\/08\/Liniker-Tiny-Desk-1024x682.jpg 1024w, https:\/\/boamusica.com\/wp-content\/uploads\/2026\/08\/Liniker-Tiny-Desk-300x200.jpg 300w, https:\/\/boamusica.com\/wp-content\/uploads\/2026\/08\/Liniker-Tiny-Desk-768x512.jpg 768w, https:\/\/boamusica.com\/wp-content\/uploads\/2026\/08\/Liniker-Tiny-Desk-1536x1023.jpg 1536w, https:\/\/boamusica.com\/wp-content\/uploads\/2026\/08\/Liniker-Tiny-Desk.jpg 1600w\" sizes=\"(max-width: 1024px) 100vw, 1024px\" \/><\/figure>\n\n\n\n<p class=\"wp-block-paragraph\">Desde a primeira temporada, o programa j\u00e1 contou com apresenta\u00e7\u00f5es de diversos <strong>cantautores da BOA M\u00fasica<\/strong>, entre eles <strong>Liniker, Arnaldo Antunes, Tim Bernardes, Manoel Cordeiro e Felipe Cordeiro, Giovani Cidreira e Tulipa Ruiz<\/strong>. O repert\u00f3rio da BOA tamb\u00e9m esteve presente em apresenta\u00e7\u00f5es de outros grandes nomes da m\u00fasica brasileira: <strong>IZA<\/strong> interpretou \u201cCaos e Sal\u201d, composi\u00e7\u00e3o de <strong>Fejuca<\/strong>, enquanto <strong>Jo\u00e3o Gomes<\/strong>, em uma das apresenta\u00e7\u00f5es de maior audi\u00eancia do programa, apresentou composi\u00e7\u00f5es de <strong>Dan Mendes e Washington Junior<\/strong>.<\/p>\n\n\n\n<p class=\"wp-block-paragraph\">A participa\u00e7\u00e3o da BOA M\u00fasica tamb\u00e9m acontece nos bastidores. Como parceira de longa data da produtora e supervis\u00e3o musical <strong>Amabis<\/strong> (<a href=\"https:\/\/www.instagram.com\/amabis_\/\">@amabis_<\/a>), a editora <strong>costurou o processo de licenciamento autoral<\/strong> das obras utilizadas no programa e tamb\u00e9m contribuiu com a curadoria, sugerindo artistas e repert\u00f3rios de seu cat\u00e1logo para os pr\u00f3ximos epis\u00f3dios.<\/p>\n\n\n\n<figure class=\"wp-block-image size-large\"><img decoding=\"async\" width=\"1024\" height=\"626\" src=\"https:\/\/boamusica.com\/wp-content\/uploads\/2026\/08\/Giovani-Cidreira-Tiny-Desk-1024x626.jpg\" alt=\"\" class=\"wp-image-9340\" srcset=\"https:\/\/boamusica.com\/wp-content\/uploads\/2026\/08\/Giovani-Cidreira-Tiny-Desk-1024x626.jpg 1024w, https:\/\/boamusica.com\/wp-content\/uploads\/2026\/08\/Giovani-Cidreira-Tiny-Desk-300x183.jpg 300w, https:\/\/boamusica.com\/wp-content\/uploads\/2026\/08\/Giovani-Cidreira-Tiny-Desk-768x469.jpg 768w, https:\/\/boamusica.com\/wp-content\/uploads\/2026\/08\/Giovani-Cidreira-Tiny-Desk.jpg 1054w\" sizes=\"(max-width: 1024px) 100vw, 1024px\" \/><\/figure>\n\n\n\n<p class=\"wp-block-paragraph\">A repercuss\u00e3o do <strong>Tiny Desk Brasil<\/strong> tem sido expressiva e refor\u00e7a a import\u00e2ncia do projeto como uma plataforma de descoberta e valoriza\u00e7\u00e3o da m\u00fasica brasileira. Para a BOA M\u00fasica, estar presente nesse movimento significa levar seus autores e seus repert\u00f3rios para uma audi\u00eancia cada vez maior, conectando a pot\u00eancia da cria\u00e7\u00e3o brasileira a uma plataforma de alcance mundial.<\/p>\n\n\n\n<p class=\"wp-block-paragraph\">Confira as apresenta\u00e7\u00f5es que envolvem nossos autores:<\/p>\n\n\n\n<p class=\"wp-block-paragraph\"><strong>Liniker &#8211;<\/strong> <a href=\"https:\/\/youtu.be\/mB64XGyZFv8?si=1AvpA1AVQJqzJypr\">https:\/\/youtu.be\/mB64XGyZFv8?si=1AvpA1AVQJqzJypr<strong><br><br><\/strong><\/a><strong>Arnaldo Antunes &#8211;<\/strong> <a href=\"https:\/\/youtu.be\/d3e29SP-eYI?si=tC4QWz-1U5MkruT8\">https:\/\/youtu.be\/d3e29SP-eYI?si=tC4QWz-1U5MkruT8<\/a><\/p>\n\n\n\n<p class=\"wp-block-paragraph\"><strong>Tim Bernardes &#8211;<\/strong> <a href=\"https:\/\/youtu.be\/d25O8USd35Y?si=u3kbNbsvEKy5qeYZ\">https:\/\/youtu.be\/d25O8USd35Y?si=u3kbNbsvEKy5qeYZ<\/a><\/p>\n\n\n\n<p class=\"wp-block-paragraph\"><strong>Manoel Cordeiro e Felipe Cordeiro &#8211;<\/strong> <a href=\"https:\/\/youtu.be\/Q9L7wMmlcD0?si=ibUz3HDNrJIj-iA_\">https:\/\/youtu.be\/Q9L7wMmlcD0?si=ibUz3HDNrJIj-iA_<\/a><\/p>\n\n\n\n<p class=\"wp-block-paragraph\"><strong>\u00a0Giovani Cidreira &#8211;<\/strong> <a href=\"https:\/\/youtu.be\/QpDPywMco50?si=5JL90UZLE2cFLZf8\">https:\/\/youtu.be\/QpDPywMco50?si=5JL90UZLE2cFLZf8<\/a><\/p>\n\n\n\n<p class=\"wp-block-paragraph\"><strong>\u00a0Tulipa Ruiz &#8211;<\/strong> <a href=\"https:\/\/youtu.be\/VM5XRUqX9hI?si=TndihNeCZvn2E3tq\">https:\/\/youtu.be\/VM5XRUqX9hI?si=TndihNeCZvn2E3tq<\/a><\/p>\n\n\n\n<p class=\"wp-block-paragraph\"><strong>Jo\u00e3o Gomes &#8211; com composi\u00e7\u00f5es de Daniel Mendes e Washington Jr &#8211;<\/strong> <a href=\"https:\/\/youtu.be\/XUd4nYZxOi0?si=CmiSEFQMsQ7aHaBb\">https:\/\/youtu.be\/XUd4nYZxOi0?si=CmiSEFQMsQ7aHaBb<\/a><\/p>\n\n\n\n<p class=\"wp-block-paragraph\"><strong>Iza &#8211; com composi\u00e7\u00f5es de Fejuca &#8211;<\/strong> <a href=\"https:\/\/youtu.be\/oakGqyUPK0c?si=Vp7JV9tDwIO6QUA4\">https:\/\/youtu.be\/oakGqyUPK0c?si=Vp7JV9tDwIO6QUA4<\/a><\/p>\n\n\n\n<p class=\"wp-block-paragraph\"><\/p>\n","protected":false},"excerpt":{"rendered":"<p>Desde a estreia do projeto no pa\u00eds, cantautores e compositores da BOA M\u00fasica v\u00eam ocupando espa\u00e7o em uma das plataformas musicais de maior alcance internacional.<\/p>\n","protected":false},"author":2,"featured_media":9338,"comment_status":"closed","ping_status":"closed","sticky":false,"template":"","format":"standard","meta":{"_acf_changed":false,"footnotes":""},"categories":[1],"tags":[],"class_list":["post-9337","post","type-post","status-publish","format-standard","has-post-thumbnail","hentry","category-sin-categorizar"],"acf":[],"yoast_head":"<!-- This site is optimized with the Yoast SEO plugin v28.3 - https:\/\/yoast.com\/product\/yoast-seo-wordpress\/ -->\n<title>Autores da BOA M\u00fasica no Tiny Desk Brasil<\/title>\n<meta name=\"description\" content=\"Autores da BOA M\u00fasica marcam presen\u00e7a no Tiny Desk Brasil, com nomes como Liniker, Arnaldo Antunes, Tim Bernardes, Tulipa Ruiz e outros.\" \/>\n<meta name=\"robots\" content=\"index, follow, max-snippet:-1, max-image-preview:large, max-video-preview:-1\" \/>\n<link rel=\"canonical\" href=\"https:\/\/boamusica.com\/brasil\/autores-boa-musica-marcam-presenca-no-tiny-desk-brasil\/\" \/>\n<meta property=\"og:locale\" content=\"en_US\" \/>\n<meta property=\"og:type\" content=\"article\" \/>\n<meta property=\"og:title\" content=\"Autores da BOA M\u00fasica no Tiny Desk Brasil\" \/>\n<meta property=\"og:description\" content=\"Autores da BOA M\u00fasica marcam presen\u00e7a no Tiny Desk Brasil, com nomes como Liniker, Arnaldo Antunes, Tim Bernardes, Tulipa Ruiz e outros.\" \/>\n<meta property=\"og:url\" content=\"https:\/\/boamusica.com\/brasil\/autores-boa-musica-marcam-presenca-no-tiny-desk-brasil\/\" \/>\n<meta property=\"og:site_name\" content=\"Boa M\u00fasica\" \/>\n<meta property=\"article:published_time\" content=\"2026-08-26T09:25:27+00:00\" \/>\n<meta property=\"article:modified_time\" content=\"2026-08-26T09:27:19+00:00\" \/>\n<meta property=\"og:image\" content=\"https:\/\/boamusica.com\/wp-content\/uploads\/2026\/08\/Autores-BOA-Musica-marcam-presenca-no-Tiny-Desk-Brasil.jpg\" \/>\n\t<meta property=\"og:image:width\" content=\"800\" \/>\n\t<meta property=\"og:image:height\" content=\"800\" \/>\n\t<meta property=\"og:image:type\" content=\"image\/jpeg\" \/>\n<meta name=\"author\" content=\"baianai\" \/>\n<meta name=\"twitter:card\" content=\"summary_large_image\" \/>\n<meta name=\"twitter:label1\" content=\"Written by\" \/>\n\t<meta name=\"twitter:data1\" content=\"baianai\" \/>\n\t<meta name=\"twitter:label2\" content=\"Est. reading time\" \/>\n\t<meta name=\"twitter:data2\" content=\"3 minutes\" \/>\n<script type=\"application\/ld+json\" class=\"yoast-schema-graph\">{\"@context\":\"https:\\\/\\\/schema.org\",\"@graph\":[{\"@type\":\"Article\",\"@id\":\"https:\\\/\\\/boamusica.com\\\/brasil\\\/autores-boa-musica-marcam-presenca-no-tiny-desk-brasil\\\/#article\",\"isPartOf\":{\"@id\":\"https:\\\/\\\/boamusica.com\\\/brasil\\\/autores-boa-musica-marcam-presenca-no-tiny-desk-brasil\\\/\"},\"author\":{\"name\":\"baianai\",\"@id\":\"https:\\\/\\\/boamusica.com\\\/#\\\/schema\\\/person\\\/559d54234449b11749efa8a3f52a30e6\"},\"headline\":\"Autores BOA M\u00fasica marcam presen\u00e7a no Tiny Desk Brasil\",\"datePublished\":\"2026-08-26T09:25:27+00:00\",\"dateModified\":\"2026-08-26T09:27:19+00:00\",\"mainEntityOfPage\":{\"@id\":\"https:\\\/\\\/boamusica.com\\\/brasil\\\/autores-boa-musica-marcam-presenca-no-tiny-desk-brasil\\\/\"},\"wordCount\":440,\"publisher\":{\"@id\":\"https:\\\/\\\/boamusica.com\\\/#organization\"},\"image\":{\"@id\":\"https:\\\/\\\/boamusica.com\\\/brasil\\\/autores-boa-musica-marcam-presenca-no-tiny-desk-brasil\\\/#primaryimage\"},\"thumbnailUrl\":\"https:\\\/\\\/boamusica.com\\\/wp-content\\\/uploads\\\/2026\\\/08\\\/Autores-BOA-Musica-marcam-presenca-no-Tiny-Desk-Brasil.jpg\",\"articleSection\":[\"Sin categorizar\"],\"inLanguage\":\"brasil\"},{\"@type\":\"WebPage\",\"@id\":\"https:\\\/\\\/boamusica.com\\\/brasil\\\/autores-boa-musica-marcam-presenca-no-tiny-desk-brasil\\\/\",\"url\":\"https:\\\/\\\/boamusica.com\\\/brasil\\\/autores-boa-musica-marcam-presenca-no-tiny-desk-brasil\\\/\",\"name\":\"Autores da BOA M\u00fasica no Tiny Desk Brasil\",\"isPartOf\":{\"@id\":\"https:\\\/\\\/boamusica.com\\\/#website\"},\"primaryImageOfPage\":{\"@id\":\"https:\\\/\\\/boamusica.com\\\/brasil\\\/autores-boa-musica-marcam-presenca-no-tiny-desk-brasil\\\/#primaryimage\"},\"image\":{\"@id\":\"https:\\\/\\\/boamusica.com\\\/brasil\\\/autores-boa-musica-marcam-presenca-no-tiny-desk-brasil\\\/#primaryimage\"},\"thumbnailUrl\":\"https:\\\/\\\/boamusica.com\\\/wp-content\\\/uploads\\\/2026\\\/08\\\/Autores-BOA-Musica-marcam-presenca-no-Tiny-Desk-Brasil.jpg\",\"datePublished\":\"2026-08-26T09:25:27+00:00\",\"dateModified\":\"2026-08-26T09:27:19+00:00\",\"description\":\"Autores da BOA M\u00fasica marcam presen\u00e7a no Tiny Desk Brasil, com nomes como Liniker, Arnaldo Antunes, Tim Bernardes, Tulipa Ruiz e outros.\",\"breadcrumb\":{\"@id\":\"https:\\\/\\\/boamusica.com\\\/brasil\\\/autores-boa-musica-marcam-presenca-no-tiny-desk-brasil\\\/#breadcrumb\"},\"inLanguage\":\"brasil\",\"potentialAction\":[{\"@type\":\"ReadAction\",\"target\":[\"https:\\\/\\\/boamusica.com\\\/brasil\\\/autores-boa-musica-marcam-presenca-no-tiny-desk-brasil\\\/\"]}]},{\"@type\":\"ImageObject\",\"inLanguage\":\"brasil\",\"@id\":\"https:\\\/\\\/boamusica.com\\\/brasil\\\/autores-boa-musica-marcam-presenca-no-tiny-desk-brasil\\\/#primaryimage\",\"url\":\"https:\\\/\\\/boamusica.com\\\/wp-content\\\/uploads\\\/2026\\\/08\\\/Autores-BOA-Musica-marcam-presenca-no-Tiny-Desk-Brasil.jpg\",\"contentUrl\":\"https:\\\/\\\/boamusica.com\\\/wp-content\\\/uploads\\\/2026\\\/08\\\/Autores-BOA-Musica-marcam-presenca-no-Tiny-Desk-Brasil.jpg\",\"width\":800,\"height\":800},{\"@type\":\"BreadcrumbList\",\"@id\":\"https:\\\/\\\/boamusica.com\\\/brasil\\\/autores-boa-musica-marcam-presenca-no-tiny-desk-brasil\\\/#breadcrumb\",\"itemListElement\":[{\"@type\":\"ListItem\",\"position\":1,\"name\":\"Portada\",\"item\":\"https:\\\/\\\/boamusica.com\\\/brasil\\\/\"},{\"@type\":\"ListItem\",\"position\":2,\"name\":\"Autores BOA M\u00fasica marcam presen\u00e7a no Tiny Desk Brasil\"}]},{\"@type\":\"WebSite\",\"@id\":\"https:\\\/\\\/boamusica.com\\\/#website\",\"url\":\"https:\\\/\\\/boamusica.com\\\/\",\"name\":\"Boa M\u00fasica\",\"description\":\"Un proyecto editorial \u00e9tico y centrado en las personas. Gestionamos derechos de autor de forma integral.\",\"publisher\":{\"@id\":\"https:\\\/\\\/boamusica.com\\\/#organization\"},\"potentialAction\":[{\"@type\":\"SearchAction\",\"target\":{\"@type\":\"EntryPoint\",\"urlTemplate\":\"https:\\\/\\\/boamusica.com\\\/?s={search_term_string}\"},\"query-input\":{\"@type\":\"PropertyValueSpecification\",\"valueRequired\":true,\"valueName\":\"search_term_string\"}}],\"inLanguage\":\"brasil\"},{\"@type\":\"Organization\",\"@id\":\"https:\\\/\\\/boamusica.com\\\/#organization\",\"name\":\"Boa M\u00fasica\",\"url\":\"https:\\\/\\\/boamusica.com\\\/\",\"logo\":{\"@type\":\"ImageObject\",\"inLanguage\":\"brasil\",\"@id\":\"https:\\\/\\\/boamusica.com\\\/#\\\/schema\\\/logo\\\/image\\\/\",\"url\":\"https:\\\/\\\/boamusica.com\\\/wp-content\\\/uploads\\\/2024\\\/05\\\/logo-boa-musica.webp\",\"contentUrl\":\"https:\\\/\\\/boamusica.com\\\/wp-content\\\/uploads\\\/2024\\\/05\\\/logo-boa-musica.webp\",\"width\":398,\"height\":198,\"caption\":\"Boa M\u00fasica\"},\"image\":{\"@id\":\"https:\\\/\\\/boamusica.com\\\/#\\\/schema\\\/logo\\\/image\\\/\"}},{\"@type\":\"Person\",\"@id\":\"https:\\\/\\\/boamusica.com\\\/#\\\/schema\\\/person\\\/559d54234449b11749efa8a3f52a30e6\",\"name\":\"baianai\",\"image\":{\"@type\":\"ImageObject\",\"inLanguage\":\"brasil\",\"@id\":\"https:\\\/\\\/secure.gravatar.com\\\/avatar\\\/8b321acc1afbd8a6ae17c72eaa15516f4974e6cbf221981adf966924ffdc3769?s=96&d=mm&r=g\",\"url\":\"https:\\\/\\\/secure.gravatar.com\\\/avatar\\\/8b321acc1afbd8a6ae17c72eaa15516f4974e6cbf221981adf966924ffdc3769?s=96&d=mm&r=g\",\"contentUrl\":\"https:\\\/\\\/secure.gravatar.com\\\/avatar\\\/8b321acc1afbd8a6ae17c72eaa15516f4974e6cbf221981adf966924ffdc3769?s=96&d=mm&r=g\",\"caption\":\"baianai\"}}]}<\/script>\n<!-- \/ Yoast SEO plugin. -->","yoast_head_json":{"title":"Autores da BOA M\u00fasica no Tiny Desk Brasil","description":"Autores da BOA M\u00fasica marcam presen\u00e7a no Tiny Desk Brasil, com nomes como Liniker, Arnaldo Antunes, Tim Bernardes, Tulipa Ruiz e outros.","robots":{"index":"index","follow":"follow","max-snippet":"max-snippet:-1","max-image-preview":"max-image-preview:large","max-video-preview":"max-video-preview:-1"},"canonical":"https:\/\/boamusica.com\/brasil\/autores-boa-musica-marcam-presenca-no-tiny-desk-brasil\/","og_locale":"en_US","og_type":"article","og_title":"Autores da BOA M\u00fasica no Tiny Desk Brasil","og_description":"Autores da BOA M\u00fasica marcam presen\u00e7a no Tiny Desk Brasil, com nomes como Liniker, Arnaldo Antunes, Tim Bernardes, Tulipa Ruiz e outros.","og_url":"https:\/\/boamusica.com\/brasil\/autores-boa-musica-marcam-presenca-no-tiny-desk-brasil\/","og_site_name":"Boa M\u00fasica","article_published_time":"2026-08-26T09:25:27+00:00","article_modified_time":"2026-08-26T09:27:19+00:00","og_image":[{"width":800,"height":800,"url":"https:\/\/boamusica.com\/wp-content\/uploads\/2026\/08\/Autores-BOA-Musica-marcam-presenca-no-Tiny-Desk-Brasil.jpg","type":"image\/jpeg"}],"author":"baianai","twitter_card":"summary_large_image","twitter_misc":{"Written by":"baianai","Est. reading time":"3 minutes"},"schema":{"@context":"https:\/\/schema.org","@graph":[{"@type":"Article","@id":"https:\/\/boamusica.com\/brasil\/autores-boa-musica-marcam-presenca-no-tiny-desk-brasil\/#article","isPartOf":{"@id":"https:\/\/boamusica.com\/brasil\/autores-boa-musica-marcam-presenca-no-tiny-desk-brasil\/"},"author":{"name":"baianai","@id":"https:\/\/boamusica.com\/#\/schema\/person\/559d54234449b11749efa8a3f52a30e6"},"headline":"Autores BOA M\u00fasica marcam presen\u00e7a no Tiny Desk Brasil","datePublished":"2026-08-26T09:25:27+00:00","dateModified":"2026-08-26T09:27:19+00:00","mainEntityOfPage":{"@id":"https:\/\/boamusica.com\/brasil\/autores-boa-musica-marcam-presenca-no-tiny-desk-brasil\/"},"wordCount":440,"publisher":{"@id":"https:\/\/boamusica.com\/#organization"},"image":{"@id":"https:\/\/boamusica.com\/brasil\/autores-boa-musica-marcam-presenca-no-tiny-desk-brasil\/#primaryimage"},"thumbnailUrl":"https:\/\/boamusica.com\/wp-content\/uploads\/2026\/08\/Autores-BOA-Musica-marcam-presenca-no-Tiny-Desk-Brasil.jpg","articleSection":["Sin categorizar"],"inLanguage":"brasil"},{"@type":"WebPage","@id":"https:\/\/boamusica.com\/brasil\/autores-boa-musica-marcam-presenca-no-tiny-desk-brasil\/","url":"https:\/\/boamusica.com\/brasil\/autores-boa-musica-marcam-presenca-no-tiny-desk-brasil\/","name":"Autores da BOA M\u00fasica no Tiny Desk Brasil","isPartOf":{"@id":"https:\/\/boamusica.com\/#website"},"primaryImageOfPage":{"@id":"https:\/\/boamusica.com\/brasil\/autores-boa-musica-marcam-presenca-no-tiny-desk-brasil\/#primaryimage"},"image":{"@id":"https:\/\/boamusica.com\/brasil\/autores-boa-musica-marcam-presenca-no-tiny-desk-brasil\/#primaryimage"},"thumbnailUrl":"https:\/\/boamusica.com\/wp-content\/uploads\/2026\/08\/Autores-BOA-Musica-marcam-presenca-no-Tiny-Desk-Brasil.jpg","datePublished":"2026-08-26T09:25:27+00:00","dateModified":"2026-08-26T09:27:19+00:00","description":"Autores da BOA M\u00fasica marcam presen\u00e7a no Tiny Desk Brasil, com nomes como Liniker, Arnaldo Antunes, Tim Bernardes, Tulipa Ruiz e outros.","breadcrumb":{"@id":"https:\/\/boamusica.com\/brasil\/autores-boa-musica-marcam-presenca-no-tiny-desk-brasil\/#breadcrumb"},"inLanguage":"brasil","potentialAction":[{"@type":"ReadAction","target":["https:\/\/boamusica.com\/brasil\/autores-boa-musica-marcam-presenca-no-tiny-desk-brasil\/"]}]},{"@type":"ImageObject","inLanguage":"brasil","@id":"https:\/\/boamusica.com\/brasil\/autores-boa-musica-marcam-presenca-no-tiny-desk-brasil\/#primaryimage","url":"https:\/\/boamusica.com\/wp-content\/uploads\/2026\/08\/Autores-BOA-Musica-marcam-presenca-no-Tiny-Desk-Brasil.jpg","contentUrl":"https:\/\/boamusica.com\/wp-content\/uploads\/2026\/08\/Autores-BOA-Musica-marcam-presenca-no-Tiny-Desk-Brasil.jpg","width":800,"height":800},{"@type":"BreadcrumbList","@id":"https:\/\/boamusica.com\/brasil\/autores-boa-musica-marcam-presenca-no-tiny-desk-brasil\/#breadcrumb","itemListElement":[{"@type":"ListItem","position":1,"name":"Portada","item":"https:\/\/boamusica.com\/brasil\/"},{"@type":"ListItem","position":2,"name":"Autores BOA M\u00fasica marcam presen\u00e7a no Tiny Desk Brasil"}]},{"@type":"WebSite","@id":"https:\/\/boamusica.com\/#website","url":"https:\/\/boamusica.com\/","name":"Boa M\u00fasica","description":"Un proyecto editorial \u00e9tico y centrado en las personas. Gestionamos derechos de autor de forma integral.","publisher":{"@id":"https:\/\/boamusica.com\/#organization"},"potentialAction":[{"@type":"SearchAction","target":{"@type":"EntryPoint","urlTemplate":"https:\/\/boamusica.com\/?s={search_term_string}"},"query-input":{"@type":"PropertyValueSpecification","valueRequired":true,"valueName":"search_term_string"}}],"inLanguage":"brasil"},{"@type":"Organization","@id":"https:\/\/boamusica.com\/#organization","name":"Boa M\u00fasica","url":"https:\/\/boamusica.com\/","logo":{"@type":"ImageObject","inLanguage":"brasil","@id":"https:\/\/boamusica.com\/#\/schema\/logo\/image\/","url":"https:\/\/boamusica.com\/wp-content\/uploads\/2024\/05\/logo-boa-musica.webp","contentUrl":"https:\/\/boamusica.com\/wp-content\/uploads\/2024\/05\/logo-boa-musica.webp","width":398,"height":198,"caption":"Boa M\u00fasica"},"image":{"@id":"https:\/\/boamusica.com\/#\/schema\/logo\/image\/"}},{"@type":"Person","@id":"https:\/\/boamusica.com\/#\/schema\/person\/559d54234449b11749efa8a3f52a30e6","name":"baianai","image":{"@type":"ImageObject","inLanguage":"brasil","@id":"https:\/\/secure.gravatar.com\/avatar\/8b321acc1afbd8a6ae17c72eaa15516f4974e6cbf221981adf966924ffdc3769?s=96&d=mm&r=g","url":"https:\/\/secure.gravatar.com\/avatar\/8b321acc1afbd8a6ae17c72eaa15516f4974e6cbf221981adf966924ffdc3769?s=96&d=mm&r=g","contentUrl":"https:\/\/secure.gravatar.com\/avatar\/8b321acc1afbd8a6ae17c72eaa15516f4974e6cbf221981adf966924ffdc3769?s=96&d=mm&r=g","caption":"baianai"}}]}},"_links":{"self":[{"href":"https:\/\/boamusica.com\/brasil\/wp-json\/wp\/v2\/posts\/9337","targetHints":{"allow":["GET"]}}],"collection":[{"href":"https:\/\/boamusica.com\/brasil\/wp-json\/wp\/v2\/posts"}],"about":[{"href":"https:\/\/boamusica.com\/brasil\/wp-json\/wp\/v2\/types\/post"}],"author":[{"embeddable":true,"href":"https:\/\/boamusica.com\/brasil\/wp-json\/wp\/v2\/users\/2"}],"replies":[{"embeddable":true,"href":"https:\/\/boamusica.com\/brasil\/wp-json\/wp\/v2\/comments?post=9337"}],"version-history":[{"count":2,"href":"https:\/\/boamusica.com\/brasil\/wp-json\/wp\/v2\/posts\/9337\/revisions"}],"predecessor-version":[{"id":9342,"href":"https:\/\/boamusica.com\/brasil\/wp-json\/wp\/v2\/posts\/9337\/revisions\/9342"}],"wp:featuredmedia":[{"embeddable":true,"href":"https:\/\/boamusica.com\/brasil\/wp-json\/wp\/v2\/media\/9338"}],"wp:attachment":[{"href":"https:\/\/boamusica.com\/brasil\/wp-json\/wp\/v2\/media?parent=9337"}],"wp:term":[{"taxonomy":"category","embeddable":true,"href":"https:\/\/boamusica.com\/brasil\/wp-json\/wp\/v2\/categories?post=9337"},{"taxonomy":"post_tag","embeddable":true,"href":"https:\/\/boamusica.com\/brasil\/wp-json\/wp\/v2\/tags?post=9337"}],"curies":[{"name":"wp","href":"https:\/\/api.w.org\/{rel}","templated":true}]}}