{"id":9343,"date":"2026-08-26T11:39:58","date_gmt":"2026-08-26T09:39:58","guid":{"rendered":"https:\/\/boamusica.com\/?p=9343"},"modified":"2026-08-26T11:40:57","modified_gmt":"2026-08-26T09:40:57","slug":"criolo-amaro-freitas-e-dino-celebram-lancamento-do-vinil-na-casa-boa-musica","status":"publish","type":"post","link":"https:\/\/boamusica.com\/brasil\/criolo-amaro-freitas-e-dino-celebram-lancamento-do-vinil-na-casa-boa-musica\/","title":{"rendered":"Criolo, Amaro Freitas e Dino celebram lan\u00e7amento do vinil na Casa BOA M\u00fasica"},"content":{"rendered":"\n<p class=\"wp-block-paragraph\">A <strong>Casa BOA M\u00fasica<\/strong> foi palco, em maio, de um encontro que celebrou a chegada da edi\u00e7\u00e3o f\u00edsica de <strong><em>CRIOLO, AMARO E DINO<\/em><\/strong>, \u00e1lbum que re\u00fane <strong>Criolo, Amaro Freitas e Dino d\u2019Santiago<\/strong> em uma colabora\u00e7\u00e3o que atravessa fronteiras, g\u00eaneros e diferentes territ\u00f3rios da di\u00e1spora negra. O lan\u00e7amento do vinil ganhou uma ocasi\u00e3o especial na casa da editora, que representa os tr\u00eas autores do projeto.<\/p>\n\n\n\n<p class=\"wp-block-paragraph\">Realizado pela <strong>BOA M\u00fasica em parceria com a Rocinante Tr\u00eas Selos<\/strong>, o encontro reuniu os tr\u00eas artistas e representantes da imprensa para apresentar a edi\u00e7\u00e3o em vinil do \u00e1lbum, lan\u00e7ado originalmente em janeiro de 2026. A ocasi\u00e3o marcou n\u00e3o apenas a chegada do projeto ao formato f\u00edsico, mas tamb\u00e9m a celebra\u00e7\u00e3o de uma parceria que conecta tr\u00eas artistas de trajet\u00f3rias singulares dentro do cat\u00e1logo da BOA.<\/p>\n\n\n\n<p class=\"wp-block-paragraph\"><strong><em>CRIOLO, AMARO E DINO<\/em><\/strong> nasceu do encontro entre S\u00e3o Paulo, Recife e Lisboa. Criolo, refer\u00eancia do rap brasileiro; Amaro Freitas, pianista e compositor pernambucano reconhecido por sua abordagem singular do jazz; e Dino d\u2019Santiago, artista portugu\u00eas de ascend\u00eancia cabo-verdiana, constroem juntos um repert\u00f3rio que aproxima rap, jazz, m\u00fasica brasileira e sonoridades afro-atl\u00e2nticas.<\/p>\n\n\n\n<p class=\"wp-block-paragraph\">A primeira composi\u00e7\u00e3o do trio, <strong>\u201cEsperan\u00e7a\u201d<\/strong>, surgiu em Lisboa e chegou a ser indicada ao Grammy Latino, abrindo caminho para o desenvolvimento do \u00e1lbum. Ao longo do projeto, as diferentes refer\u00eancias dos tr\u00eas artistas se encontram em uma obra que dialoga com ancestralidade, identidade e contemporaneidade, conectando diferentes geografias da di\u00e1spora negra.<\/p>\n\n\n\n<p class=\"wp-block-paragraph\">Mais do que apresentar um novo formato para o disco, o encontro na Casa BOA M\u00fasica materializou a dimens\u00e3o coletiva do projeto. Ter os tr\u00eas autores representados pela mesma editora tornou a BOA um ponto natural de articula\u00e7\u00e3o para esse momento, aproximando artistas, selo, imprensa e parceiros em torno da celebra\u00e7\u00e3o do lan\u00e7amento do vinil.<\/p>\n\n\n\n<p class=\"wp-block-paragraph\">A parceria com a <strong>Rocinante Tr\u00eas Selos<\/strong> tamb\u00e9m evidencia uma frente de atua\u00e7\u00e3o da BOA M\u00fasica que vai al\u00e9m da administra\u00e7\u00e3o de cat\u00e1logo. A partir da rela\u00e7\u00e3o constru\u00edda com o selo, a editora p\u00f4de participar da articula\u00e7\u00e3o e da costura do projeto, contribuindo para que o encontro entre tr\u00eas autores de seu cat\u00e1logo chegasse tamb\u00e9m ao formato f\u00edsico.<\/p>\n\n\n\n<p class=\"wp-block-paragraph\"><a href=\"https:\/\/open.spotify.com\/intl-pt\/album\/0YYt1g6W0EdqWoUrB86yuc?si=70415eb5fa474344\">Ou\u00e7a Criolo, Amaro e Dino<\/a> nas plataformas digitais e adquira\u00a0o LP direto no site da <a href=\"https:\/\/www.tresselosrocinante.com\/products\/criolo-amaro-e-dino-lp\">Rocinante Tr\u00eas Selos<\/a><\/p>\n","protected":false},"excerpt":{"rendered":"<p>Casa BOA M\u00fasica recebe encontro com Criolo, Amaro Freitas e Dino d\u2019Santiago para celebrar a chegada da edi\u00e7\u00e3o em vinil de um dos projetos mais marcantes do ano.<\/p>\n","protected":false},"author":2,"featured_media":9344,"comment_status":"closed","ping_status":"closed","sticky":false,"template":"","format":"standard","meta":{"_acf_changed":false,"footnotes":""},"categories":[1],"tags":[],"class_list":["post-9343","post","type-post","status-publish","format-standard","has-post-thumbnail","hentry","category-sin-categorizar"],"acf":[],"yoast_head":"<!-- This site is optimized with the Yoast SEO plugin v28.3 - https:\/\/yoast.com\/product\/yoast-seo-wordpress\/ -->\n<title>Criolo, Amaro Freitas e Dino celebram lan\u00e7amento do vinil<\/title>\n<meta name=\"description\" content=\"Criolo, Amaro Freitas e Dino d\u2019Santiago celebram na Casa BOA M\u00fasica o lan\u00e7amento em vinil do \u00e1lbum CRIOLO, AMARO E DINO.\" \/>\n<meta name=\"robots\" content=\"index, follow, max-snippet:-1, max-image-preview:large, max-video-preview:-1\" \/>\n<link rel=\"canonical\" href=\"https:\/\/boamusica.com\/brasil\/criolo-amaro-freitas-e-dino-celebram-lancamento-do-vinil-na-casa-boa-musica\/\" \/>\n<meta property=\"og:locale\" content=\"en_US\" \/>\n<meta property=\"og:type\" content=\"article\" \/>\n<meta property=\"og:title\" content=\"Criolo, Amaro Freitas e Dino celebram lan\u00e7amento do vinil\" \/>\n<meta property=\"og:description\" content=\"Criolo, Amaro Freitas e Dino d\u2019Santiago celebram na Casa BOA M\u00fasica o lan\u00e7amento em vinil do \u00e1lbum CRIOLO, AMARO E DINO.\" \/>\n<meta property=\"og:url\" content=\"https:\/\/boamusica.com\/brasil\/criolo-amaro-freitas-e-dino-celebram-lancamento-do-vinil-na-casa-boa-musica\/\" \/>\n<meta property=\"og:site_name\" content=\"Boa M\u00fasica\" \/>\n<meta property=\"article:published_time\" content=\"2026-08-26T09:39:58+00:00\" \/>\n<meta property=\"article:modified_time\" content=\"2026-08-26T09:40:57+00:00\" \/>\n<meta property=\"og:image\" content=\"https:\/\/boamusica.com\/wp-content\/uploads\/2026\/08\/Criolo-Amaro-Freitas-e-Dino-celebram-lancamento-do-vinil-na-Casa-BOA-Musica.jpg\" \/>\n\t<meta property=\"og:image:width\" content=\"800\" \/>\n\t<meta property=\"og:image:height\" content=\"800\" \/>\n\t<meta property=\"og:image:type\" content=\"image\/jpeg\" \/>\n<meta name=\"author\" content=\"baianai\" \/>\n<meta name=\"twitter:card\" content=\"summary_large_image\" \/>\n<meta name=\"twitter:label1\" content=\"Written by\" \/>\n\t<meta name=\"twitter:data1\" content=\"baianai\" \/>\n\t<meta name=\"twitter:label2\" content=\"Est. reading time\" \/>\n\t<meta name=\"twitter:data2\" content=\"2 minutes\" \/>\n<script type=\"application\/ld+json\" class=\"yoast-schema-graph\">{\"@context\":\"https:\\\/\\\/schema.org\",\"@graph\":[{\"@type\":\"Article\",\"@id\":\"https:\\\/\\\/boamusica.com\\\/brasil\\\/criolo-amaro-freitas-e-dino-celebram-lancamento-do-vinil-na-casa-boa-musica\\\/#article\",\"isPartOf\":{\"@id\":\"https:\\\/\\\/boamusica.com\\\/brasil\\\/criolo-amaro-freitas-e-dino-celebram-lancamento-do-vinil-na-casa-boa-musica\\\/\"},\"author\":{\"name\":\"baianai\",\"@id\":\"https:\\\/\\\/boamusica.com\\\/#\\\/schema\\\/person\\\/559d54234449b11749efa8a3f52a30e6\"},\"headline\":\"Criolo, Amaro Freitas e Dino celebram lan\u00e7amento do vinil na Casa BOA M\u00fasica\",\"datePublished\":\"2026-08-26T09:39:58+00:00\",\"dateModified\":\"2026-08-26T09:40:57+00:00\",\"mainEntityOfPage\":{\"@id\":\"https:\\\/\\\/boamusica.com\\\/brasil\\\/criolo-amaro-freitas-e-dino-celebram-lancamento-do-vinil-na-casa-boa-musica\\\/\"},\"wordCount\":441,\"publisher\":{\"@id\":\"https:\\\/\\\/boamusica.com\\\/#organization\"},\"image\":{\"@id\":\"https:\\\/\\\/boamusica.com\\\/brasil\\\/criolo-amaro-freitas-e-dino-celebram-lancamento-do-vinil-na-casa-boa-musica\\\/#primaryimage\"},\"thumbnailUrl\":\"https:\\\/\\\/boamusica.com\\\/wp-content\\\/uploads\\\/2026\\\/08\\\/Criolo-Amaro-Freitas-e-Dino-celebram-lancamento-do-vinil-na-Casa-BOA-Musica.jpg\",\"articleSection\":[\"Sin categorizar\"],\"inLanguage\":\"brasil\"},{\"@type\":\"WebPage\",\"@id\":\"https:\\\/\\\/boamusica.com\\\/brasil\\\/criolo-amaro-freitas-e-dino-celebram-lancamento-do-vinil-na-casa-boa-musica\\\/\",\"url\":\"https:\\\/\\\/boamusica.com\\\/brasil\\\/criolo-amaro-freitas-e-dino-celebram-lancamento-do-vinil-na-casa-boa-musica\\\/\",\"name\":\"Criolo, Amaro Freitas e Dino celebram lan\u00e7amento do vinil\",\"isPartOf\":{\"@id\":\"https:\\\/\\\/boamusica.com\\\/#website\"},\"primaryImageOfPage\":{\"@id\":\"https:\\\/\\\/boamusica.com\\\/brasil\\\/criolo-amaro-freitas-e-dino-celebram-lancamento-do-vinil-na-casa-boa-musica\\\/#primaryimage\"},\"image\":{\"@id\":\"https:\\\/\\\/boamusica.com\\\/brasil\\\/criolo-amaro-freitas-e-dino-celebram-lancamento-do-vinil-na-casa-boa-musica\\\/#primaryimage\"},\"thumbnailUrl\":\"https:\\\/\\\/boamusica.com\\\/wp-content\\\/uploads\\\/2026\\\/08\\\/Criolo-Amaro-Freitas-e-Dino-celebram-lancamento-do-vinil-na-Casa-BOA-Musica.jpg\",\"datePublished\":\"2026-08-26T09:39:58+00:00\",\"dateModified\":\"2026-08-26T09:40:57+00:00\",\"description\":\"Criolo, Amaro Freitas e Dino d\u2019Santiago celebram na Casa BOA M\u00fasica o lan\u00e7amento em vinil do \u00e1lbum CRIOLO, AMARO E DINO.\",\"breadcrumb\":{\"@id\":\"https:\\\/\\\/boamusica.com\\\/brasil\\\/criolo-amaro-freitas-e-dino-celebram-lancamento-do-vinil-na-casa-boa-musica\\\/#breadcrumb\"},\"inLanguage\":\"brasil\",\"potentialAction\":[{\"@type\":\"ReadAction\",\"target\":[\"https:\\\/\\\/boamusica.com\\\/brasil\\\/criolo-amaro-freitas-e-dino-celebram-lancamento-do-vinil-na-casa-boa-musica\\\/\"]}]},{\"@type\":\"ImageObject\",\"inLanguage\":\"brasil\",\"@id\":\"https:\\\/\\\/boamusica.com\\\/brasil\\\/criolo-amaro-freitas-e-dino-celebram-lancamento-do-vinil-na-casa-boa-musica\\\/#primaryimage\",\"url\":\"https:\\\/\\\/boamusica.com\\\/wp-content\\\/uploads\\\/2026\\\/08\\\/Criolo-Amaro-Freitas-e-Dino-celebram-lancamento-do-vinil-na-Casa-BOA-Musica.jpg\",\"contentUrl\":\"https:\\\/\\\/boamusica.com\\\/wp-content\\\/uploads\\\/2026\\\/08\\\/Criolo-Amaro-Freitas-e-Dino-celebram-lancamento-do-vinil-na-Casa-BOA-Musica.jpg\",\"width\":800,\"height\":800},{\"@type\":\"BreadcrumbList\",\"@id\":\"https:\\\/\\\/boamusica.com\\\/brasil\\\/criolo-amaro-freitas-e-dino-celebram-lancamento-do-vinil-na-casa-boa-musica\\\/#breadcrumb\",\"itemListElement\":[{\"@type\":\"ListItem\",\"position\":1,\"name\":\"Portada\",\"item\":\"https:\\\/\\\/boamusica.com\\\/brasil\\\/\"},{\"@type\":\"ListItem\",\"position\":2,\"name\":\"Criolo, Amaro Freitas e Dino celebram lan\u00e7amento do vinil na Casa BOA M\u00fasica\"}]},{\"@type\":\"WebSite\",\"@id\":\"https:\\\/\\\/boamusica.com\\\/#website\",\"url\":\"https:\\\/\\\/boamusica.com\\\/\",\"name\":\"Boa M\u00fasica\",\"description\":\"Un proyecto editorial \u00e9tico y centrado en las personas. Gestionamos derechos de autor de forma integral.\",\"publisher\":{\"@id\":\"https:\\\/\\\/boamusica.com\\\/#organization\"},\"potentialAction\":[{\"@type\":\"SearchAction\",\"target\":{\"@type\":\"EntryPoint\",\"urlTemplate\":\"https:\\\/\\\/boamusica.com\\\/?s={search_term_string}\"},\"query-input\":{\"@type\":\"PropertyValueSpecification\",\"valueRequired\":true,\"valueName\":\"search_term_string\"}}],\"inLanguage\":\"brasil\"},{\"@type\":\"Organization\",\"@id\":\"https:\\\/\\\/boamusica.com\\\/#organization\",\"name\":\"Boa M\u00fasica\",\"url\":\"https:\\\/\\\/boamusica.com\\\/\",\"logo\":{\"@type\":\"ImageObject\",\"inLanguage\":\"brasil\",\"@id\":\"https:\\\/\\\/boamusica.com\\\/#\\\/schema\\\/logo\\\/image\\\/\",\"url\":\"https:\\\/\\\/boamusica.com\\\/wp-content\\\/uploads\\\/2024\\\/05\\\/logo-boa-musica.webp\",\"contentUrl\":\"https:\\\/\\\/boamusica.com\\\/wp-content\\\/uploads\\\/2024\\\/05\\\/logo-boa-musica.webp\",\"width\":398,\"height\":198,\"caption\":\"Boa M\u00fasica\"},\"image\":{\"@id\":\"https:\\\/\\\/boamusica.com\\\/#\\\/schema\\\/logo\\\/image\\\/\"}},{\"@type\":\"Person\",\"@id\":\"https:\\\/\\\/boamusica.com\\\/#\\\/schema\\\/person\\\/559d54234449b11749efa8a3f52a30e6\",\"name\":\"baianai\",\"image\":{\"@type\":\"ImageObject\",\"inLanguage\":\"brasil\",\"@id\":\"https:\\\/\\\/secure.gravatar.com\\\/avatar\\\/8b321acc1afbd8a6ae17c72eaa15516f4974e6cbf221981adf966924ffdc3769?s=96&d=mm&r=g\",\"url\":\"https:\\\/\\\/secure.gravatar.com\\\/avatar\\\/8b321acc1afbd8a6ae17c72eaa15516f4974e6cbf221981adf966924ffdc3769?s=96&d=mm&r=g\",\"contentUrl\":\"https:\\\/\\\/secure.gravatar.com\\\/avatar\\\/8b321acc1afbd8a6ae17c72eaa15516f4974e6cbf221981adf966924ffdc3769?s=96&d=mm&r=g\",\"caption\":\"baianai\"}}]}<\/script>\n<!-- \/ Yoast SEO plugin. -->","yoast_head_json":{"title":"Criolo, Amaro Freitas e Dino celebram lan\u00e7amento do vinil","description":"Criolo, Amaro Freitas e Dino d\u2019Santiago celebram na Casa BOA M\u00fasica o lan\u00e7amento em vinil do \u00e1lbum CRIOLO, AMARO E DINO.","robots":{"index":"index","follow":"follow","max-snippet":"max-snippet:-1","max-image-preview":"max-image-preview:large","max-video-preview":"max-video-preview:-1"},"canonical":"https:\/\/boamusica.com\/brasil\/criolo-amaro-freitas-e-dino-celebram-lancamento-do-vinil-na-casa-boa-musica\/","og_locale":"en_US","og_type":"article","og_title":"Criolo, Amaro Freitas e Dino celebram lan\u00e7amento do vinil","og_description":"Criolo, Amaro Freitas e Dino d\u2019Santiago celebram na Casa BOA M\u00fasica o lan\u00e7amento em vinil do \u00e1lbum CRIOLO, AMARO E DINO.","og_url":"https:\/\/boamusica.com\/brasil\/criolo-amaro-freitas-e-dino-celebram-lancamento-do-vinil-na-casa-boa-musica\/","og_site_name":"Boa M\u00fasica","article_published_time":"2026-08-26T09:39:58+00:00","article_modified_time":"2026-08-26T09:40:57+00:00","og_image":[{"width":800,"height":800,"url":"https:\/\/boamusica.com\/wp-content\/uploads\/2026\/08\/Criolo-Amaro-Freitas-e-Dino-celebram-lancamento-do-vinil-na-Casa-BOA-Musica.jpg","type":"image\/jpeg"}],"author":"baianai","twitter_card":"summary_large_image","twitter_misc":{"Written by":"baianai","Est. reading time":"2 minutes"},"schema":{"@context":"https:\/\/schema.org","@graph":[{"@type":"Article","@id":"https:\/\/boamusica.com\/brasil\/criolo-amaro-freitas-e-dino-celebram-lancamento-do-vinil-na-casa-boa-musica\/#article","isPartOf":{"@id":"https:\/\/boamusica.com\/brasil\/criolo-amaro-freitas-e-dino-celebram-lancamento-do-vinil-na-casa-boa-musica\/"},"author":{"name":"baianai","@id":"https:\/\/boamusica.com\/#\/schema\/person\/559d54234449b11749efa8a3f52a30e6"},"headline":"Criolo, Amaro Freitas e Dino celebram lan\u00e7amento do vinil na Casa BOA M\u00fasica","datePublished":"2026-08-26T09:39:58+00:00","dateModified":"2026-08-26T09:40:57+00:00","mainEntityOfPage":{"@id":"https:\/\/boamusica.com\/brasil\/criolo-amaro-freitas-e-dino-celebram-lancamento-do-vinil-na-casa-boa-musica\/"},"wordCount":441,"publisher":{"@id":"https:\/\/boamusica.com\/#organization"},"image":{"@id":"https:\/\/boamusica.com\/brasil\/criolo-amaro-freitas-e-dino-celebram-lancamento-do-vinil-na-casa-boa-musica\/#primaryimage"},"thumbnailUrl":"https:\/\/boamusica.com\/wp-content\/uploads\/2026\/08\/Criolo-Amaro-Freitas-e-Dino-celebram-lancamento-do-vinil-na-Casa-BOA-Musica.jpg","articleSection":["Sin categorizar"],"inLanguage":"brasil"},{"@type":"WebPage","@id":"https:\/\/boamusica.com\/brasil\/criolo-amaro-freitas-e-dino-celebram-lancamento-do-vinil-na-casa-boa-musica\/","url":"https:\/\/boamusica.com\/brasil\/criolo-amaro-freitas-e-dino-celebram-lancamento-do-vinil-na-casa-boa-musica\/","name":"Criolo, Amaro Freitas e Dino celebram lan\u00e7amento do vinil","isPartOf":{"@id":"https:\/\/boamusica.com\/#website"},"primaryImageOfPage":{"@id":"https:\/\/boamusica.com\/brasil\/criolo-amaro-freitas-e-dino-celebram-lancamento-do-vinil-na-casa-boa-musica\/#primaryimage"},"image":{"@id":"https:\/\/boamusica.com\/brasil\/criolo-amaro-freitas-e-dino-celebram-lancamento-do-vinil-na-casa-boa-musica\/#primaryimage"},"thumbnailUrl":"https:\/\/boamusica.com\/wp-content\/uploads\/2026\/08\/Criolo-Amaro-Freitas-e-Dino-celebram-lancamento-do-vinil-na-Casa-BOA-Musica.jpg","datePublished":"2026-08-26T09:39:58+00:00","dateModified":"2026-08-26T09:40:57+00:00","description":"Criolo, Amaro Freitas e Dino d\u2019Santiago celebram na Casa BOA M\u00fasica o lan\u00e7amento em vinil do \u00e1lbum CRIOLO, AMARO E DINO.","breadcrumb":{"@id":"https:\/\/boamusica.com\/brasil\/criolo-amaro-freitas-e-dino-celebram-lancamento-do-vinil-na-casa-boa-musica\/#breadcrumb"},"inLanguage":"brasil","potentialAction":[{"@type":"ReadAction","target":["https:\/\/boamusica.com\/brasil\/criolo-amaro-freitas-e-dino-celebram-lancamento-do-vinil-na-casa-boa-musica\/"]}]},{"@type":"ImageObject","inLanguage":"brasil","@id":"https:\/\/boamusica.com\/brasil\/criolo-amaro-freitas-e-dino-celebram-lancamento-do-vinil-na-casa-boa-musica\/#primaryimage","url":"https:\/\/boamusica.com\/wp-content\/uploads\/2026\/08\/Criolo-Amaro-Freitas-e-Dino-celebram-lancamento-do-vinil-na-Casa-BOA-Musica.jpg","contentUrl":"https:\/\/boamusica.com\/wp-content\/uploads\/2026\/08\/Criolo-Amaro-Freitas-e-Dino-celebram-lancamento-do-vinil-na-Casa-BOA-Musica.jpg","width":800,"height":800},{"@type":"BreadcrumbList","@id":"https:\/\/boamusica.com\/brasil\/criolo-amaro-freitas-e-dino-celebram-lancamento-do-vinil-na-casa-boa-musica\/#breadcrumb","itemListElement":[{"@type":"ListItem","position":1,"name":"Portada","item":"https:\/\/boamusica.com\/brasil\/"},{"@type":"ListItem","position":2,"name":"Criolo, Amaro Freitas e Dino celebram lan\u00e7amento do vinil na Casa BOA M\u00fasica"}]},{"@type":"WebSite","@id":"https:\/\/boamusica.com\/#website","url":"https:\/\/boamusica.com\/","name":"Boa M\u00fasica","description":"Un proyecto editorial \u00e9tico y centrado en las personas. Gestionamos derechos de autor de forma integral.","publisher":{"@id":"https:\/\/boamusica.com\/#organization"},"potentialAction":[{"@type":"SearchAction","target":{"@type":"EntryPoint","urlTemplate":"https:\/\/boamusica.com\/?s={search_term_string}"},"query-input":{"@type":"PropertyValueSpecification","valueRequired":true,"valueName":"search_term_string"}}],"inLanguage":"brasil"},{"@type":"Organization","@id":"https:\/\/boamusica.com\/#organization","name":"Boa M\u00fasica","url":"https:\/\/boamusica.com\/","logo":{"@type":"ImageObject","inLanguage":"brasil","@id":"https:\/\/boamusica.com\/#\/schema\/logo\/image\/","url":"https:\/\/boamusica.com\/wp-content\/uploads\/2024\/05\/logo-boa-musica.webp","contentUrl":"https:\/\/boamusica.com\/wp-content\/uploads\/2024\/05\/logo-boa-musica.webp","width":398,"height":198,"caption":"Boa M\u00fasica"},"image":{"@id":"https:\/\/boamusica.com\/#\/schema\/logo\/image\/"}},{"@type":"Person","@id":"https:\/\/boamusica.com\/#\/schema\/person\/559d54234449b11749efa8a3f52a30e6","name":"baianai","image":{"@type":"ImageObject","inLanguage":"brasil","@id":"https:\/\/secure.gravatar.com\/avatar\/8b321acc1afbd8a6ae17c72eaa15516f4974e6cbf221981adf966924ffdc3769?s=96&d=mm&r=g","url":"https:\/\/secure.gravatar.com\/avatar\/8b321acc1afbd8a6ae17c72eaa15516f4974e6cbf221981adf966924ffdc3769?s=96&d=mm&r=g","contentUrl":"https:\/\/secure.gravatar.com\/avatar\/8b321acc1afbd8a6ae17c72eaa15516f4974e6cbf221981adf966924ffdc3769?s=96&d=mm&r=g","caption":"baianai"}}]}},"_links":{"self":[{"href":"https:\/\/boamusica.com\/brasil\/wp-json\/wp\/v2\/posts\/9343","targetHints":{"allow":["GET"]}}],"collection":[{"href":"https:\/\/boamusica.com\/brasil\/wp-json\/wp\/v2\/posts"}],"about":[{"href":"https:\/\/boamusica.com\/brasil\/wp-json\/wp\/v2\/types\/post"}],"author":[{"embeddable":true,"href":"https:\/\/boamusica.com\/brasil\/wp-json\/wp\/v2\/users\/2"}],"replies":[{"embeddable":true,"href":"https:\/\/boamusica.com\/brasil\/wp-json\/wp\/v2\/comments?post=9343"}],"version-history":[{"count":1,"href":"https:\/\/boamusica.com\/brasil\/wp-json\/wp\/v2\/posts\/9343\/revisions"}],"predecessor-version":[{"id":9345,"href":"https:\/\/boamusica.com\/brasil\/wp-json\/wp\/v2\/posts\/9343\/revisions\/9345"}],"wp:featuredmedia":[{"embeddable":true,"href":"https:\/\/boamusica.com\/brasil\/wp-json\/wp\/v2\/media\/9344"}],"wp:attachment":[{"href":"https:\/\/boamusica.com\/brasil\/wp-json\/wp\/v2\/media?parent=9343"}],"wp:term":[{"taxonomy":"category","embeddable":true,"href":"https:\/\/boamusica.com\/brasil\/wp-json\/wp\/v2\/categories?post=9343"},{"taxonomy":"post_tag","embeddable":true,"href":"https:\/\/boamusica.com\/brasil\/wp-json\/wp\/v2\/tags?post=9343"}],"curies":[{"name":"wp","href":"https:\/\/api.w.org\/{rel}","templated":true}]}}