{"id":9346,"date":"2026-08-26T12:07:05","date_gmt":"2026-08-26T10:07:05","guid":{"rendered":"https:\/\/boamusica.com\/?p=9346"},"modified":"2026-08-27T08:39:45","modified_gmt":"2026-08-27T06:39:45","slug":"anitta-lanca-dois-albuns-com-forte-presenca-de-autores-da-boa-musica","status":"publish","type":"post","link":"https:\/\/boamusica.com\/brasil\/anitta-lanca-dois-albuns-com-forte-presenca-de-autores-da-boa-musica\/","title":{"rendered":"Anitta lan\u00e7a dois \u00e1lbuns com forte presen\u00e7a de autores da BOA M\u00fasica"},"content":{"rendered":"\n<p class=\"wp-block-paragraph\">Uma das maiores artistas brasileiras, <strong>A<\/strong>nitta acaba de completar o lan\u00e7amento de dois \u00e1lbuns de est\u00fadio que marcam uma nova fase de sua carreira, com uma est\u00e9tica mais autentica e de valoriza\u00e7\u00e3o de refer\u00eancias brasileiras. <em>EQUILIBRIVM<\/em> e <em>EQUILIBRIVM II<\/em> exploram a conex\u00e3o da artista com a m\u00fasica brasileira, a espiritualidade, a ancestralidade e as religi\u00f5es de matriz africana, transitando entre pop, m\u00fasica urbana e MPB contempor\u00e2nea.&nbsp;<\/p>\n\n\n\n<p class=\"wp-block-paragraph\">O primeiro <em>EQUILIBRIVM<\/em> re\u00fane uma participa\u00e7\u00e3o expressiva de autores da BOA M\u00fasica Brasil. <strong>Marina Sena e Gabriel Duarte<\/strong> assinam \u201cMandinga\u201d, enquanto Gabriel tamb\u00e9m participa de \u201cDesgra\u00e7a\u201d. <strong>Liniker<\/strong> est\u00e1 em \u201cCaminhador\u201d; <strong>Ebony<\/strong>, em \u201cVai Dar Ca\u00f4\u201d; e <strong>Melly<\/strong> assina tr\u00eas faixas, \u201cTernura\u201d, \u201cCaso de Amor\u201d e \u201cDeus Existe\u201d, esta \u00faltima tamb\u00e9m com participa\u00e7\u00e3o de <strong>Marcelo Delamare<\/strong>. Al\u00e9m da autoria, Liniker, Marina Sena e Ebony participam como int\u00e9rpretes, enquanto Melly tamb\u00e9m interpreta \u201cTernura\u201d.<\/p>\n\n\n\n<figure class=\"wp-block-image size-full\"><img fetchpriority=\"high\" decoding=\"async\" width=\"2048\" height=\"1142\" src=\"https:\/\/boamusica.com\/wp-content\/uploads\/2026\/08\/anitta-marina-sena.jpg\" alt=\"\" class=\"wp-image-9350\" srcset=\"https:\/\/boamusica.com\/wp-content\/uploads\/2026\/08\/anitta-marina-sena.jpg 2048w, https:\/\/boamusica.com\/wp-content\/uploads\/2026\/08\/anitta-marina-sena-300x167.jpg 300w, https:\/\/boamusica.com\/wp-content\/uploads\/2026\/08\/anitta-marina-sena-1024x571.jpg 1024w, https:\/\/boamusica.com\/wp-content\/uploads\/2026\/08\/anitta-marina-sena-768x428.jpg 768w, https:\/\/boamusica.com\/wp-content\/uploads\/2026\/08\/anitta-marina-sena-1536x857.jpg 1536w\" sizes=\"(max-width: 2048px) 100vw, 2048px\" \/><\/figure>\n\n\n\n<p class=\"wp-block-paragraph\">O <em>EQUILIBRIVM 2 amplia a brasilidade e a colabora\u00e7\u00e3o de autores BOA M\u00fasica.<\/em> <em><br><\/em><em>O segundo \u00e1lbum<\/em> d\u00e1 continuidade ao primeiro volume, mas aprofunda ainda mais a rela\u00e7\u00e3o de Anitta com a ancestralidade e a espiritualidade. Enquanto o primeiro disco apresentou uma combina\u00e7\u00e3o mais ampla de refer\u00eancias e proje\u00e7\u00e3o internacional, a segunda parte concentra-se ainda mais em sonoridades e artistas brasileiros, reunindo nomes como Maria Beth\u00e2nia, Alceu Valen\u00e7a, Mart\u2019n\u00e1lia, Mestrinho e Grupo Of\u00e1.<\/p>\n\n\n\n<p class=\"wp-block-paragraph\">Novamente, autores da BOA M\u00fasica Brasil ocupam papel de destaque no repert\u00f3rio. <strong>Let\u00edcia Fialho<\/strong> assina tr\u00eas faixas: \u201cTudo Isso\u201d, \u201cContempla\u00e7\u00e3o\u201d e \u201cOgum Me Rodeia\u201d. Esta \u00faltima tamb\u00e9m \u00e9 interpretada por ela ao lado de <strong>Anitta e Maria Beth\u00e2nia<\/strong>. <strong>Fejuca<\/strong> participa das composi\u00e7\u00f5es de \u201cContempla\u00e7\u00e3o\u201d, \u201cAzul\u201d e \u201cEu N\u00e3o Sou Santa\u201d; <strong>Marcelo Delamare<\/strong> assina \u201cDeusa M\u00e3e\u201d e \u201cOke\u201d; e <strong>M\u00e1rcio Arantes<\/strong>, parceiro de longa data de Anitta, participa de \u201cN\u00e3o Me Cutuca\u201d.<\/p>\n\n\n\n<p class=\"wp-block-paragraph\">O resultado \u00e9 um projeto de grande alcance, que j\u00e1 ultrapassou milh\u00f5es de reprodu\u00e7\u00f5es nas plataformas e chega acompanhado pela <strong>EQUILIBRIVM TOUR<\/strong>, que percorre diferentes cidades brasileiras. A segunda parte do projeto foi lan\u00e7ada poucos dias antes do in\u00edcio da turn\u00ea, com datas anunciadas em Porto Alegre, S\u00e3o Paulo, Fortaleza, Niter\u00f3i e Salvador.<\/p>\n\n\n\n<p class=\"wp-block-paragraph\">Para a BOA M\u00fasica Brasil, a dimens\u00e3o do projeto tamb\u00e9m evidencia o potencial econ\u00f4mico e art\u00edstico de um repert\u00f3rio que alcan\u00e7a grandes p\u00fablicos. A presen\u00e7a de seus autores em um trabalho dessa magnitude representa visibilidade para seus cat\u00e1logos e novas oportunidades de gera\u00e7\u00e3o de receitas autorais, tanto no consumo digital quanto na execu\u00e7\u00e3o p\u00fablica. Mais do que participa\u00e7\u00f5es pontuais, a presen\u00e7a recorrente de compositores da BOA em um dos maiores projetos da m\u00fasica brasileira em 2026 refor\u00e7a a for\u00e7a e a relev\u00e2ncia de seus repert\u00f3rios.<\/p>\n\n\n\n<p class=\"wp-block-paragraph\">Ou\u00e7a <a href=\"https:\/\/open.spotify.com\/intl-pt\/album\/0X22dVuwJtKnZDlie1Eln5?si=cT-itOb0TAKOkSDhstv7UA\">EQUILIBRIVM<\/a> e <a href=\"https:\/\/open.spotify.com\/intl-pt\/album\/0SU1jLaS0QasvGqIT8XIVg?si=rgvncIevT2OZd-85yLlE1Q\">EQUILIBRIVM I<\/a>I na \u00edntegra.<\/p>\n","protected":false},"excerpt":{"rendered":"<p>EQUILIBRIVM e EQUILIBRIVM II consolidam uma nova fase art\u00edstica de Anitta e re\u00fanem compositores da BOA M\u00fasica em algumas das principais faixas do projeto.<\/p>\n","protected":false},"author":2,"featured_media":9347,"comment_status":"closed","ping_status":"closed","sticky":false,"template":"","format":"standard","meta":{"_acf_changed":false,"footnotes":""},"categories":[1],"tags":[],"class_list":["post-9346","post","type-post","status-publish","format-standard","has-post-thumbnail","hentry","category-sin-categorizar"],"acf":[],"yoast_head":"<!-- This site is optimized with the Yoast SEO plugin v28.3 - https:\/\/yoast.com\/product\/yoast-seo-wordpress\/ -->\n<title>Anitta lan\u00e7a EQUILIBRIVM com autores da BOA M\u00fasica<\/title>\n<meta name=\"description\" content=\"Anitta lan\u00e7a EQUILIBRIVM e EQUILIBRIVM II com forte presen\u00e7a de autores da BOA M\u00fasica, como Liniker, Marina Sena, Ebony, Melly e Fejuca.\" \/>\n<meta name=\"robots\" content=\"index, follow, max-snippet:-1, max-image-preview:large, max-video-preview:-1\" \/>\n<link rel=\"canonical\" href=\"https:\/\/boamusica.com\/brasil\/anitta-lanca-dois-albuns-com-forte-presenca-de-autores-da-boa-musica\/\" \/>\n<meta property=\"og:locale\" content=\"en_US\" \/>\n<meta property=\"og:type\" content=\"article\" \/>\n<meta property=\"og:title\" content=\"Anitta lan\u00e7a EQUILIBRIVM com autores da BOA M\u00fasica\" \/>\n<meta property=\"og:description\" content=\"Anitta lan\u00e7a EQUILIBRIVM e EQUILIBRIVM II com forte presen\u00e7a de autores da BOA M\u00fasica, como Liniker, Marina Sena, Ebony, Melly e Fejuca.\" \/>\n<meta property=\"og:url\" content=\"https:\/\/boamusica.com\/brasil\/anitta-lanca-dois-albuns-com-forte-presenca-de-autores-da-boa-musica\/\" \/>\n<meta property=\"og:site_name\" content=\"Boa M\u00fasica\" \/>\n<meta property=\"article:published_time\" content=\"2026-08-26T10:07:05+00:00\" \/>\n<meta property=\"article:modified_time\" content=\"2026-08-27T06:39:45+00:00\" \/>\n<meta property=\"og:image\" content=\"https:\/\/boamusica.com\/wp-content\/uploads\/2026\/08\/Anitta-lanca-dois-albuns-com-forte-presenca-de-autores-da-BOA-Musica.jpg\" \/>\n\t<meta property=\"og:image:width\" content=\"800\" \/>\n\t<meta property=\"og:image:height\" content=\"800\" \/>\n\t<meta property=\"og:image:type\" content=\"image\/jpeg\" \/>\n<meta name=\"author\" content=\"baianai\" \/>\n<meta name=\"twitter:card\" content=\"summary_large_image\" \/>\n<meta name=\"twitter:label1\" content=\"Written by\" \/>\n\t<meta name=\"twitter:data1\" content=\"baianai\" \/>\n\t<meta name=\"twitter:label2\" content=\"Est. reading time\" \/>\n\t<meta name=\"twitter:data2\" content=\"3 minutes\" \/>\n<script type=\"application\/ld+json\" class=\"yoast-schema-graph\">{\"@context\":\"https:\\\/\\\/schema.org\",\"@graph\":[{\"@type\":\"Article\",\"@id\":\"https:\\\/\\\/boamusica.com\\\/brasil\\\/anitta-lanca-dois-albuns-com-forte-presenca-de-autores-da-boa-musica\\\/#article\",\"isPartOf\":{\"@id\":\"https:\\\/\\\/boamusica.com\\\/brasil\\\/anitta-lanca-dois-albuns-com-forte-presenca-de-autores-da-boa-musica\\\/\"},\"author\":{\"name\":\"baianai\",\"@id\":\"https:\\\/\\\/boamusica.com\\\/#\\\/schema\\\/person\\\/559d54234449b11749efa8a3f52a30e6\"},\"headline\":\"Anitta lan\u00e7a dois \u00e1lbuns com forte presen\u00e7a de autores da BOA M\u00fasica\",\"datePublished\":\"2026-08-26T10:07:05+00:00\",\"dateModified\":\"2026-08-27T06:39:45+00:00\",\"mainEntityOfPage\":{\"@id\":\"https:\\\/\\\/boamusica.com\\\/brasil\\\/anitta-lanca-dois-albuns-com-forte-presenca-de-autores-da-boa-musica\\\/\"},\"wordCount\":508,\"publisher\":{\"@id\":\"https:\\\/\\\/boamusica.com\\\/#organization\"},\"image\":{\"@id\":\"https:\\\/\\\/boamusica.com\\\/brasil\\\/anitta-lanca-dois-albuns-com-forte-presenca-de-autores-da-boa-musica\\\/#primaryimage\"},\"thumbnailUrl\":\"https:\\\/\\\/boamusica.com\\\/wp-content\\\/uploads\\\/2026\\\/08\\\/Anitta-lanca-dois-albuns-com-forte-presenca-de-autores-da-BOA-Musica.jpg\",\"articleSection\":[\"Sin categorizar\"],\"inLanguage\":\"brasil\"},{\"@type\":\"WebPage\",\"@id\":\"https:\\\/\\\/boamusica.com\\\/brasil\\\/anitta-lanca-dois-albuns-com-forte-presenca-de-autores-da-boa-musica\\\/\",\"url\":\"https:\\\/\\\/boamusica.com\\\/brasil\\\/anitta-lanca-dois-albuns-com-forte-presenca-de-autores-da-boa-musica\\\/\",\"name\":\"Anitta lan\u00e7a EQUILIBRIVM com autores da BOA M\u00fasica\",\"isPartOf\":{\"@id\":\"https:\\\/\\\/boamusica.com\\\/#website\"},\"primaryImageOfPage\":{\"@id\":\"https:\\\/\\\/boamusica.com\\\/brasil\\\/anitta-lanca-dois-albuns-com-forte-presenca-de-autores-da-boa-musica\\\/#primaryimage\"},\"image\":{\"@id\":\"https:\\\/\\\/boamusica.com\\\/brasil\\\/anitta-lanca-dois-albuns-com-forte-presenca-de-autores-da-boa-musica\\\/#primaryimage\"},\"thumbnailUrl\":\"https:\\\/\\\/boamusica.com\\\/wp-content\\\/uploads\\\/2026\\\/08\\\/Anitta-lanca-dois-albuns-com-forte-presenca-de-autores-da-BOA-Musica.jpg\",\"datePublished\":\"2026-08-26T10:07:05+00:00\",\"dateModified\":\"2026-08-27T06:39:45+00:00\",\"description\":\"Anitta lan\u00e7a EQUILIBRIVM e EQUILIBRIVM II com forte presen\u00e7a de autores da BOA M\u00fasica, como Liniker, Marina Sena, Ebony, Melly e Fejuca.\",\"breadcrumb\":{\"@id\":\"https:\\\/\\\/boamusica.com\\\/brasil\\\/anitta-lanca-dois-albuns-com-forte-presenca-de-autores-da-boa-musica\\\/#breadcrumb\"},\"inLanguage\":\"brasil\",\"potentialAction\":[{\"@type\":\"ReadAction\",\"target\":[\"https:\\\/\\\/boamusica.com\\\/brasil\\\/anitta-lanca-dois-albuns-com-forte-presenca-de-autores-da-boa-musica\\\/\"]}]},{\"@type\":\"ImageObject\",\"inLanguage\":\"brasil\",\"@id\":\"https:\\\/\\\/boamusica.com\\\/brasil\\\/anitta-lanca-dois-albuns-com-forte-presenca-de-autores-da-boa-musica\\\/#primaryimage\",\"url\":\"https:\\\/\\\/boamusica.com\\\/wp-content\\\/uploads\\\/2026\\\/08\\\/Anitta-lanca-dois-albuns-com-forte-presenca-de-autores-da-BOA-Musica.jpg\",\"contentUrl\":\"https:\\\/\\\/boamusica.com\\\/wp-content\\\/uploads\\\/2026\\\/08\\\/Anitta-lanca-dois-albuns-com-forte-presenca-de-autores-da-BOA-Musica.jpg\",\"width\":800,\"height\":800},{\"@type\":\"BreadcrumbList\",\"@id\":\"https:\\\/\\\/boamusica.com\\\/brasil\\\/anitta-lanca-dois-albuns-com-forte-presenca-de-autores-da-boa-musica\\\/#breadcrumb\",\"itemListElement\":[{\"@type\":\"ListItem\",\"position\":1,\"name\":\"Portada\",\"item\":\"https:\\\/\\\/boamusica.com\\\/brasil\\\/\"},{\"@type\":\"ListItem\",\"position\":2,\"name\":\"Anitta lan\u00e7a dois \u00e1lbuns com forte presen\u00e7a de autores da BOA M\u00fasica\"}]},{\"@type\":\"WebSite\",\"@id\":\"https:\\\/\\\/boamusica.com\\\/#website\",\"url\":\"https:\\\/\\\/boamusica.com\\\/\",\"name\":\"Boa M\u00fasica\",\"description\":\"Un proyecto editorial \u00e9tico y centrado en las personas. Gestionamos derechos de autor de forma integral.\",\"publisher\":{\"@id\":\"https:\\\/\\\/boamusica.com\\\/#organization\"},\"potentialAction\":[{\"@type\":\"SearchAction\",\"target\":{\"@type\":\"EntryPoint\",\"urlTemplate\":\"https:\\\/\\\/boamusica.com\\\/?s={search_term_string}\"},\"query-input\":{\"@type\":\"PropertyValueSpecification\",\"valueRequired\":true,\"valueName\":\"search_term_string\"}}],\"inLanguage\":\"brasil\"},{\"@type\":\"Organization\",\"@id\":\"https:\\\/\\\/boamusica.com\\\/#organization\",\"name\":\"Boa M\u00fasica\",\"url\":\"https:\\\/\\\/boamusica.com\\\/\",\"logo\":{\"@type\":\"ImageObject\",\"inLanguage\":\"brasil\",\"@id\":\"https:\\\/\\\/boamusica.com\\\/#\\\/schema\\\/logo\\\/image\\\/\",\"url\":\"https:\\\/\\\/boamusica.com\\\/wp-content\\\/uploads\\\/2024\\\/05\\\/logo-boa-musica.webp\",\"contentUrl\":\"https:\\\/\\\/boamusica.com\\\/wp-content\\\/uploads\\\/2024\\\/05\\\/logo-boa-musica.webp\",\"width\":398,\"height\":198,\"caption\":\"Boa M\u00fasica\"},\"image\":{\"@id\":\"https:\\\/\\\/boamusica.com\\\/#\\\/schema\\\/logo\\\/image\\\/\"}},{\"@type\":\"Person\",\"@id\":\"https:\\\/\\\/boamusica.com\\\/#\\\/schema\\\/person\\\/559d54234449b11749efa8a3f52a30e6\",\"name\":\"baianai\",\"image\":{\"@type\":\"ImageObject\",\"inLanguage\":\"brasil\",\"@id\":\"https:\\\/\\\/secure.gravatar.com\\\/avatar\\\/8b321acc1afbd8a6ae17c72eaa15516f4974e6cbf221981adf966924ffdc3769?s=96&d=mm&r=g\",\"url\":\"https:\\\/\\\/secure.gravatar.com\\\/avatar\\\/8b321acc1afbd8a6ae17c72eaa15516f4974e6cbf221981adf966924ffdc3769?s=96&d=mm&r=g\",\"contentUrl\":\"https:\\\/\\\/secure.gravatar.com\\\/avatar\\\/8b321acc1afbd8a6ae17c72eaa15516f4974e6cbf221981adf966924ffdc3769?s=96&d=mm&r=g\",\"caption\":\"baianai\"}}]}<\/script>\n<!-- \/ Yoast SEO plugin. -->","yoast_head_json":{"title":"Anitta lan\u00e7a EQUILIBRIVM com autores da BOA M\u00fasica","description":"Anitta lan\u00e7a EQUILIBRIVM e EQUILIBRIVM II com forte presen\u00e7a de autores da BOA M\u00fasica, como Liniker, Marina Sena, Ebony, Melly e Fejuca.","robots":{"index":"index","follow":"follow","max-snippet":"max-snippet:-1","max-image-preview":"max-image-preview:large","max-video-preview":"max-video-preview:-1"},"canonical":"https:\/\/boamusica.com\/brasil\/anitta-lanca-dois-albuns-com-forte-presenca-de-autores-da-boa-musica\/","og_locale":"en_US","og_type":"article","og_title":"Anitta lan\u00e7a EQUILIBRIVM com autores da BOA M\u00fasica","og_description":"Anitta lan\u00e7a EQUILIBRIVM e EQUILIBRIVM II com forte presen\u00e7a de autores da BOA M\u00fasica, como Liniker, Marina Sena, Ebony, Melly e Fejuca.","og_url":"https:\/\/boamusica.com\/brasil\/anitta-lanca-dois-albuns-com-forte-presenca-de-autores-da-boa-musica\/","og_site_name":"Boa M\u00fasica","article_published_time":"2026-08-26T10:07:05+00:00","article_modified_time":"2026-08-27T06:39:45+00:00","og_image":[{"width":800,"height":800,"url":"https:\/\/boamusica.com\/wp-content\/uploads\/2026\/08\/Anitta-lanca-dois-albuns-com-forte-presenca-de-autores-da-BOA-Musica.jpg","type":"image\/jpeg"}],"author":"baianai","twitter_card":"summary_large_image","twitter_misc":{"Written by":"baianai","Est. reading time":"3 minutes"},"schema":{"@context":"https:\/\/schema.org","@graph":[{"@type":"Article","@id":"https:\/\/boamusica.com\/brasil\/anitta-lanca-dois-albuns-com-forte-presenca-de-autores-da-boa-musica\/#article","isPartOf":{"@id":"https:\/\/boamusica.com\/brasil\/anitta-lanca-dois-albuns-com-forte-presenca-de-autores-da-boa-musica\/"},"author":{"name":"baianai","@id":"https:\/\/boamusica.com\/#\/schema\/person\/559d54234449b11749efa8a3f52a30e6"},"headline":"Anitta lan\u00e7a dois \u00e1lbuns com forte presen\u00e7a de autores da BOA M\u00fasica","datePublished":"2026-08-26T10:07:05+00:00","dateModified":"2026-08-27T06:39:45+00:00","mainEntityOfPage":{"@id":"https:\/\/boamusica.com\/brasil\/anitta-lanca-dois-albuns-com-forte-presenca-de-autores-da-boa-musica\/"},"wordCount":508,"publisher":{"@id":"https:\/\/boamusica.com\/#organization"},"image":{"@id":"https:\/\/boamusica.com\/brasil\/anitta-lanca-dois-albuns-com-forte-presenca-de-autores-da-boa-musica\/#primaryimage"},"thumbnailUrl":"https:\/\/boamusica.com\/wp-content\/uploads\/2026\/08\/Anitta-lanca-dois-albuns-com-forte-presenca-de-autores-da-BOA-Musica.jpg","articleSection":["Sin categorizar"],"inLanguage":"brasil"},{"@type":"WebPage","@id":"https:\/\/boamusica.com\/brasil\/anitta-lanca-dois-albuns-com-forte-presenca-de-autores-da-boa-musica\/","url":"https:\/\/boamusica.com\/brasil\/anitta-lanca-dois-albuns-com-forte-presenca-de-autores-da-boa-musica\/","name":"Anitta lan\u00e7a EQUILIBRIVM com autores da BOA M\u00fasica","isPartOf":{"@id":"https:\/\/boamusica.com\/#website"},"primaryImageOfPage":{"@id":"https:\/\/boamusica.com\/brasil\/anitta-lanca-dois-albuns-com-forte-presenca-de-autores-da-boa-musica\/#primaryimage"},"image":{"@id":"https:\/\/boamusica.com\/brasil\/anitta-lanca-dois-albuns-com-forte-presenca-de-autores-da-boa-musica\/#primaryimage"},"thumbnailUrl":"https:\/\/boamusica.com\/wp-content\/uploads\/2026\/08\/Anitta-lanca-dois-albuns-com-forte-presenca-de-autores-da-BOA-Musica.jpg","datePublished":"2026-08-26T10:07:05+00:00","dateModified":"2026-08-27T06:39:45+00:00","description":"Anitta lan\u00e7a EQUILIBRIVM e EQUILIBRIVM II com forte presen\u00e7a de autores da BOA M\u00fasica, como Liniker, Marina Sena, Ebony, Melly e Fejuca.","breadcrumb":{"@id":"https:\/\/boamusica.com\/brasil\/anitta-lanca-dois-albuns-com-forte-presenca-de-autores-da-boa-musica\/#breadcrumb"},"inLanguage":"brasil","potentialAction":[{"@type":"ReadAction","target":["https:\/\/boamusica.com\/brasil\/anitta-lanca-dois-albuns-com-forte-presenca-de-autores-da-boa-musica\/"]}]},{"@type":"ImageObject","inLanguage":"brasil","@id":"https:\/\/boamusica.com\/brasil\/anitta-lanca-dois-albuns-com-forte-presenca-de-autores-da-boa-musica\/#primaryimage","url":"https:\/\/boamusica.com\/wp-content\/uploads\/2026\/08\/Anitta-lanca-dois-albuns-com-forte-presenca-de-autores-da-BOA-Musica.jpg","contentUrl":"https:\/\/boamusica.com\/wp-content\/uploads\/2026\/08\/Anitta-lanca-dois-albuns-com-forte-presenca-de-autores-da-BOA-Musica.jpg","width":800,"height":800},{"@type":"BreadcrumbList","@id":"https:\/\/boamusica.com\/brasil\/anitta-lanca-dois-albuns-com-forte-presenca-de-autores-da-boa-musica\/#breadcrumb","itemListElement":[{"@type":"ListItem","position":1,"name":"Portada","item":"https:\/\/boamusica.com\/brasil\/"},{"@type":"ListItem","position":2,"name":"Anitta lan\u00e7a dois \u00e1lbuns com forte presen\u00e7a de autores da BOA M\u00fasica"}]},{"@type":"WebSite","@id":"https:\/\/boamusica.com\/#website","url":"https:\/\/boamusica.com\/","name":"Boa M\u00fasica","description":"Un proyecto editorial \u00e9tico y centrado en las personas. Gestionamos derechos de autor de forma integral.","publisher":{"@id":"https:\/\/boamusica.com\/#organization"},"potentialAction":[{"@type":"SearchAction","target":{"@type":"EntryPoint","urlTemplate":"https:\/\/boamusica.com\/?s={search_term_string}"},"query-input":{"@type":"PropertyValueSpecification","valueRequired":true,"valueName":"search_term_string"}}],"inLanguage":"brasil"},{"@type":"Organization","@id":"https:\/\/boamusica.com\/#organization","name":"Boa M\u00fasica","url":"https:\/\/boamusica.com\/","logo":{"@type":"ImageObject","inLanguage":"brasil","@id":"https:\/\/boamusica.com\/#\/schema\/logo\/image\/","url":"https:\/\/boamusica.com\/wp-content\/uploads\/2024\/05\/logo-boa-musica.webp","contentUrl":"https:\/\/boamusica.com\/wp-content\/uploads\/2024\/05\/logo-boa-musica.webp","width":398,"height":198,"caption":"Boa M\u00fasica"},"image":{"@id":"https:\/\/boamusica.com\/#\/schema\/logo\/image\/"}},{"@type":"Person","@id":"https:\/\/boamusica.com\/#\/schema\/person\/559d54234449b11749efa8a3f52a30e6","name":"baianai","image":{"@type":"ImageObject","inLanguage":"brasil","@id":"https:\/\/secure.gravatar.com\/avatar\/8b321acc1afbd8a6ae17c72eaa15516f4974e6cbf221981adf966924ffdc3769?s=96&d=mm&r=g","url":"https:\/\/secure.gravatar.com\/avatar\/8b321acc1afbd8a6ae17c72eaa15516f4974e6cbf221981adf966924ffdc3769?s=96&d=mm&r=g","contentUrl":"https:\/\/secure.gravatar.com\/avatar\/8b321acc1afbd8a6ae17c72eaa15516f4974e6cbf221981adf966924ffdc3769?s=96&d=mm&r=g","caption":"baianai"}}]}},"_links":{"self":[{"href":"https:\/\/boamusica.com\/brasil\/wp-json\/wp\/v2\/posts\/9346","targetHints":{"allow":["GET"]}}],"collection":[{"href":"https:\/\/boamusica.com\/brasil\/wp-json\/wp\/v2\/posts"}],"about":[{"href":"https:\/\/boamusica.com\/brasil\/wp-json\/wp\/v2\/types\/post"}],"author":[{"embeddable":true,"href":"https:\/\/boamusica.com\/brasil\/wp-json\/wp\/v2\/users\/2"}],"replies":[{"embeddable":true,"href":"https:\/\/boamusica.com\/brasil\/wp-json\/wp\/v2\/comments?post=9346"}],"version-history":[{"count":2,"href":"https:\/\/boamusica.com\/brasil\/wp-json\/wp\/v2\/posts\/9346\/revisions"}],"predecessor-version":[{"id":9351,"href":"https:\/\/boamusica.com\/brasil\/wp-json\/wp\/v2\/posts\/9346\/revisions\/9351"}],"wp:featuredmedia":[{"embeddable":true,"href":"https:\/\/boamusica.com\/brasil\/wp-json\/wp\/v2\/media\/9347"}],"wp:attachment":[{"href":"https:\/\/boamusica.com\/brasil\/wp-json\/wp\/v2\/media?parent=9346"}],"wp:term":[{"taxonomy":"category","embeddable":true,"href":"https:\/\/boamusica.com\/brasil\/wp-json\/wp\/v2\/categories?post=9346"},{"taxonomy":"post_tag","embeddable":true,"href":"https:\/\/boamusica.com\/brasil\/wp-json\/wp\/v2\/tags?post=9346"}],"curies":[{"name":"wp","href":"https:\/\/api.w.org\/{rel}","templated":true}]}}